{"id":257913,"date":"2022-10-11T09:44:08","date_gmt":"2022-10-11T12:44:08","guid":{"rendered":"https:\/\/www.caririemacao.com\/1\/?p=257913"},"modified":"2022-10-11T09:44:08","modified_gmt":"2022-10-11T12:44:08","slug":"em-prata-centro-de-especialidades-odontologicas-e-destaque-no-atendimento-a-criancas-e-e-referencia-no-cariri","status":"publish","type":"post","link":"https:\/\/www.caririemacao.com\/1\/2022\/10\/11\/em-prata-centro-de-especialidades-odontologicas-e-destaque-no-atendimento-a-criancas-e-e-referencia-no-cariri\/","title":{"rendered":"EM PRATA: Centro de Especialidades Odontol\u00f3gicas \u00e9 destaque no atendimento a crian\u00e7as e \u00e9 refer\u00eancia no Cariri"},"content":{"rendered":"<p>A secretaria municipal de sa\u00fade de Prata, atrav\u00e9s do Centro de Especialidades Odontol\u00f3gicas (CEO), tem se tornado destaque regional em rela\u00e7\u00e3o aos seus atendimentos. Um deles \u00e9 o atendimento de odontopediatria, especialidade que cuida da sa\u00fade bucal das crian\u00e7as. O atendimento \u00e9 disponibilizado para toda popula\u00e7\u00e3o infantil e acontece em regime de agendamento, o que facilita bastante o fluxograma do atendimento, evitando longas filas para se conseguir uma ficha pra atendimento.<\/p>\n<p>O coordenador de sa\u00fade bucal e cirurgi\u00e3o-dentista Dr. M\u00e1rcio Franklin destacou a import\u00e2ncia dessa especialidade para o munic\u00edpio. \u201cNossa cidade, gra\u00e7as a Deus, \u00e9 uma cidade com uma alta popula\u00e7\u00e3o infantil e por ser um grupo com caracter\u00edsticas t\u00e3o especiais, desde caracter\u00edsticas anat\u00f4micas\/fisiol\u00f3gicas at\u00e9 aspectos comportamentais, n\u00f3s resolvemos fornecer um servi\u00e7o exclusivamente para elas e at\u00e9 o momento tem sido um grande sucesso\u201d.<\/p>\n<p>Dr M\u00e1rcio ainda fez um aviso importante, ele disse \u201cse n\u00f3s conseguirmos educar nossas crian\u00e7as hoje, muito em breve eles ser\u00e3o adolescentes e adultos mais comprometidos com a sa\u00fade bucal e teremos uma sociedade com menos danos e perdas precoces em seus elementos dent\u00e1rios.\u201d<\/p>\n<p>A secret\u00e1ria de Saude, Isadora Ara\u00fajo, tamb\u00e9m tem recebido grandes elogios em rela\u00e7\u00e3o a esse atendimento. \u201c\u00c9 motivo de grande satisfa\u00e7\u00e3o perceber que o servi\u00e7o est\u00e1 dando t\u00e3o bons resultados a exemplo dos servi\u00e7os de pediatria do nosso CEO, continuaremos empenhados na busca de cada vez melhorar ainda mais, nossas crian\u00e7as merecem o melhor e faremos os esfor\u00e7os necess\u00e1rios para que esses atendimentos sejam constantemente motivo de alegria por todos\u201d. Completou a secret\u00e1ria Isadora Ara\u00fajo.<\/p>\n<p>Os servi\u00e7os s\u00e3o todas as segundas-feiras a partir das 07h30min com o cirurgi\u00e3o-dentista Dr. J\u00fanior Clemente, mas os agendamentos ocorrem qualquer dia na recep\u00e7\u00e3o do CEO em hor\u00e1rio de expediente.<\/p>\n<p>&nbsp;<\/p>\n<p><b>CARIRI EM A\u00c7\u00c3O\u00a0<\/b><\/p>\n<p>Com Portal Cariri PB<\/p>\n","protected":false},"excerpt":{"rendered":"<p>A secretaria municipal de sa\u00fade de Prata, atrav\u00e9s do Centro de Especialidades Odontol\u00f3gicas (CEO), tem se tornado destaque regional em rela\u00e7\u00e3o aos seus atendimentos. Um&hellip; <\/p>\n","protected":false},"author":6,"featured_media":257914,"comment_status":"closed","ping_status":"closed","sticky":false,"template":"","format":"standard","meta":{"sfsi_plus_gutenberg_text_before_share":"","sfsi_plus_gutenberg_show_text_before_share":"","sfsi_plus_gutenberg_icon_type":"","sfsi_plus_gutenberg_icon_alignemt":"","sfsi_plus_gutenburg_max_per_row":"","footnotes":""},"categories":[85],"tags":[],"class_list":["post-257913","post","type-post","status-publish","format-standard","has-post-thumbnail","hentry","category-prata"],"_links":{"self":[{"href":"https:\/\/www.caririemacao.com\/1\/wp-json\/wp\/v2\/posts\/257913","targetHints":{"allow":["GET"]}}],"collection":[{"href":"https:\/\/www.caririemacao.com\/1\/wp-json\/wp\/v2\/posts"}],"about":[{"href":"https:\/\/www.caririemacao.com\/1\/wp-json\/wp\/v2\/types\/post"}],"author":[{"embeddable":true,"href":"https:\/\/www.caririemacao.com\/1\/wp-json\/wp\/v2\/users\/6"}],"replies":[{"embeddable":true,"href":"https:\/\/www.caririemacao.com\/1\/wp-json\/wp\/v2\/comments?post=257913"}],"version-history":[{"count":1,"href":"https:\/\/www.caririemacao.com\/1\/wp-json\/wp\/v2\/posts\/257913\/revisions"}],"predecessor-version":[{"id":257915,"href":"https:\/\/www.caririemacao.com\/1\/wp-json\/wp\/v2\/posts\/257913\/revisions\/257915"}],"wp:featuredmedia":[{"embeddable":true,"href":"https:\/\/www.caririemacao.com\/1\/wp-json\/wp\/v2\/media\/257914"}],"wp:attachment":[{"href":"https:\/\/www.caririemacao.com\/1\/wp-json\/wp\/v2\/media?parent=257913"}],"wp:term":[{"taxonomy":"category","embeddable":true,"href":"https:\/\/www.caririemacao.com\/1\/wp-json\/wp\/v2\/categories?post=257913"},{"taxonomy":"post_tag","embeddable":true,"href":"https:\/\/www.caririemacao.com\/1\/wp-json\/wp\/v2\/tags?post=257913"}],"curies":[{"name":"wp","href":"https:\/\/api.w.org\/{rel}","templated":true}]}}