{"id":257916,"date":"2022-10-11T10:09:26","date_gmt":"2022-10-11T13:09:26","guid":{"rendered":"https:\/\/www.caririemacao.com\/1\/?p=257916"},"modified":"2022-10-11T10:09:26","modified_gmt":"2022-10-11T13:09:26","slug":"buba-e-gilma-germano-anunciam-adesao-a-candidatura-de-pedro-cunha-lima-no-segundo-turno-mas-diz-que-nao-vai-deixar-psb","status":"publish","type":"post","link":"https:\/\/www.caririemacao.com\/1\/2022\/10\/11\/buba-e-gilma-germano-anunciam-adesao-a-candidatura-de-pedro-cunha-lima-no-segundo-turno-mas-diz-que-nao-vai-deixar-psb\/","title":{"rendered":"Buba e Gilma Germano anunciam ades\u00e3o \u00e0 candidatura de Pedro Cunha Lima no segundo turno, mas diz que n\u00e3o vai deixar PSB"},"content":{"rendered":"<p>O candidato ao Governo da Para\u00edba, Pedro Cunha Lima, recebeu mais um apoio a sua candidatura na manh\u00e3 desta ter\u00e7a-feira (11). Desta vez, quem se une a chapa de oposi\u00e7\u00e3o \u00e9 um aliado hist\u00f3rico do grupo do governador Jo\u00e3o Azev\u00eado (PSB) e membro do PSB, o deputado estadual Buba Germano. Mesmo apoiando o advers\u00e1rio do partido, Buba assegurou: \u201cN\u00e3o vou deixar o PSB\u201d.<\/p>\n<p>Sua esposa, Gilma Germano que concorreu a uma vaga na Assembleia em seu lugar, tamb\u00e9m vai aderir a chapa governista. Em seu pronunciamento Buba se queixou da falta de apoio do governador e chegou a dizer que atualmente \u00e9 mais aliado de Ricardo Coutinho do que de Jo\u00e3o Azev\u00eado. Ele atribuiu a derrota da sua esposa a essa falta de apoio do gestor estadual.<\/p>\n<p>Buba \u00e9 ex-prefeito de Picu\u00ed, est\u00e1 no segundo mandato na Assembleia Legislativa pelo PSB, mas n\u00e3o concorreu no \u00faltimo pleito, pois seu registro de candidatura foi impugnado pelo Minist\u00e9rio P\u00fablico Eleitoral.<\/p>\n<p>Sua esposa, Gilma Germano que concorreu a uma vaga na Assembleia em seu lugar, tamb\u00e9m vai aderir a chapa governista. Durante o an\u00fancio, Buba disse que a esposa teve uma grande vota\u00e7\u00e3o, mas que a falta de apoio foi decisiva.<\/p>\n<p>N\u00e3o \u00e9 a primeira vez que Buba est\u00e1 com o PSDB. Ele foi eleito (2005) e reeleito (2010) prefeito de Picu\u00ed pelo partido e s\u00f3 de filiou ao PSB em 2013.<\/p>\n<p>&nbsp;<\/p>\n<p>Click PB<\/p>\n","protected":false},"excerpt":{"rendered":"<p>O candidato ao Governo da Para\u00edba, Pedro Cunha Lima, recebeu mais um apoio a sua candidatura na manh\u00e3 desta ter\u00e7a-feira (11). Desta vez, quem se&hellip; <\/p>\n","protected":false},"author":6,"featured_media":257917,"comment_status":"closed","ping_status":"closed","sticky":false,"template":"","format":"standard","meta":{"sfsi_plus_gutenberg_text_before_share":"","sfsi_plus_gutenberg_show_text_before_share":"","sfsi_plus_gutenberg_icon_type":"","sfsi_plus_gutenberg_icon_alignemt":"","sfsi_plus_gutenburg_max_per_row":"","footnotes":""},"categories":[104,11],"tags":[],"class_list":["post-257916","post","type-post","status-publish","format-standard","has-post-thumbnail","hentry","category-paraiba","category-politica"],"_links":{"self":[{"href":"https:\/\/www.caririemacao.com\/1\/wp-json\/wp\/v2\/posts\/257916","targetHints":{"allow":["GET"]}}],"collection":[{"href":"https:\/\/www.caririemacao.com\/1\/wp-json\/wp\/v2\/posts"}],"about":[{"href":"https:\/\/www.caririemacao.com\/1\/wp-json\/wp\/v2\/types\/post"}],"author":[{"embeddable":true,"href":"https:\/\/www.caririemacao.com\/1\/wp-json\/wp\/v2\/users\/6"}],"replies":[{"embeddable":true,"href":"https:\/\/www.caririemacao.com\/1\/wp-json\/wp\/v2\/comments?post=257916"}],"version-history":[{"count":1,"href":"https:\/\/www.caririemacao.com\/1\/wp-json\/wp\/v2\/posts\/257916\/revisions"}],"predecessor-version":[{"id":257918,"href":"https:\/\/www.caririemacao.com\/1\/wp-json\/wp\/v2\/posts\/257916\/revisions\/257918"}],"wp:featuredmedia":[{"embeddable":true,"href":"https:\/\/www.caririemacao.com\/1\/wp-json\/wp\/v2\/media\/257917"}],"wp:attachment":[{"href":"https:\/\/www.caririemacao.com\/1\/wp-json\/wp\/v2\/media?parent=257916"}],"wp:term":[{"taxonomy":"category","embeddable":true,"href":"https:\/\/www.caririemacao.com\/1\/wp-json\/wp\/v2\/categories?post=257916"},{"taxonomy":"post_tag","embeddable":true,"href":"https:\/\/www.caririemacao.com\/1\/wp-json\/wp\/v2\/tags?post=257916"}],"curies":[{"name":"wp","href":"https:\/\/api.w.org\/{rel}","templated":true}]}}