{"id":257919,"date":"2022-10-11T11:30:12","date_gmt":"2022-10-11T14:30:12","guid":{"rendered":"https:\/\/www.caririemacao.com\/1\/?p=257919"},"modified":"2022-10-11T11:30:12","modified_gmt":"2022-10-11T14:30:12","slug":"joao-azevedo-lidera-disputa-do-segundo-turno-com-55-dos-votos-validos-contra-45-de-pedro-cunha-lima","status":"publish","type":"post","link":"https:\/\/www.caririemacao.com\/1\/2022\/10\/11\/joao-azevedo-lidera-disputa-do-segundo-turno-com-55-dos-votos-validos-contra-45-de-pedro-cunha-lima\/","title":{"rendered":"Jo\u00e3o Azev\u00eado lidera disputa do segundo turno com 55% dos votos v\u00e1lidos contra 45% de Pedro Cunha Lima"},"content":{"rendered":"<p>Pesquisa Real Time Big Data, divulgada nesta ter\u00e7a-feira 11, mostra que a disputa pelo governo da Para\u00edba tem o atual governador, Jo\u00e3o Azevedo (PSB), com 48% das inten\u00e7\u00f5es de voto. Pedro Cunha Lima (PSDB) soma 39%.<\/p>\n<p>O levantamento mostra ainda que brancos e nulos s\u00e3o 7% e n\u00e3o sabem ou n\u00e3o responderam s\u00e3o 6%.<\/p>\n<p>Quando s\u00e3o levados em conta somente os votos v\u00e1lidos, o candidato \u00e0 reelei\u00e7\u00e3o chega a 55% e o tucano fica com 45%.<\/p>\n<figure><img decoding=\"async\" data-src=\"https:\/\/www.clickpb.com.br\/media\/filer_public\/fd\/c0\/fdc025ed-8d8f-4299-817a-045a63a99ddf\/whatsapp_image_2022-10-11_at_103707.jpeg\" data-image=\"200732\" src=\"data:image\/svg+xml;base64,PHN2ZyB3aWR0aD0iMSIgaGVpZ2h0PSIxIiB4bWxucz0iaHR0cDovL3d3dy53My5vcmcvMjAwMC9zdmciPjwvc3ZnPg==\" class=\"lazyload\" \/><\/figure>\n<p>&nbsp;<\/p>\n<p>Para chegar aos resultados, o instituto entrevistou 1000 eleitores por telefone entre os dias 8 e 10 de outubro. A margem de erro \u00e9 de 3 pontos percentuais para mais ou para menos e o n\u00edvel de confian\u00e7a \u00e9 de 95%. A pesquisa, contratada pela RecordTV, foi registrada sob o n\u00famero PB-02007\/2022.<\/p>\n<p>&nbsp;<\/p>\n<p>Carta Capital<\/p>\n","protected":false},"excerpt":{"rendered":"<p>Pesquisa Real Time Big Data, divulgada nesta ter\u00e7a-feira 11, mostra que a disputa pelo governo da Para\u00edba tem o atual governador, Jo\u00e3o Azevedo (PSB), com&hellip; <\/p>\n","protected":false},"author":6,"featured_media":257920,"comment_status":"closed","ping_status":"closed","sticky":false,"template":"","format":"standard","meta":{"sfsi_plus_gutenberg_text_before_share":"","sfsi_plus_gutenberg_show_text_before_share":"","sfsi_plus_gutenberg_icon_type":"","sfsi_plus_gutenberg_icon_alignemt":"","sfsi_plus_gutenburg_max_per_row":"","footnotes":""},"categories":[104],"tags":[],"class_list":["post-257919","post","type-post","status-publish","format-standard","has-post-thumbnail","hentry","category-paraiba"],"_links":{"self":[{"href":"https:\/\/www.caririemacao.com\/1\/wp-json\/wp\/v2\/posts\/257919","targetHints":{"allow":["GET"]}}],"collection":[{"href":"https:\/\/www.caririemacao.com\/1\/wp-json\/wp\/v2\/posts"}],"about":[{"href":"https:\/\/www.caririemacao.com\/1\/wp-json\/wp\/v2\/types\/post"}],"author":[{"embeddable":true,"href":"https:\/\/www.caririemacao.com\/1\/wp-json\/wp\/v2\/users\/6"}],"replies":[{"embeddable":true,"href":"https:\/\/www.caririemacao.com\/1\/wp-json\/wp\/v2\/comments?post=257919"}],"version-history":[{"count":1,"href":"https:\/\/www.caririemacao.com\/1\/wp-json\/wp\/v2\/posts\/257919\/revisions"}],"predecessor-version":[{"id":257921,"href":"https:\/\/www.caririemacao.com\/1\/wp-json\/wp\/v2\/posts\/257919\/revisions\/257921"}],"wp:featuredmedia":[{"embeddable":true,"href":"https:\/\/www.caririemacao.com\/1\/wp-json\/wp\/v2\/media\/257920"}],"wp:attachment":[{"href":"https:\/\/www.caririemacao.com\/1\/wp-json\/wp\/v2\/media?parent=257919"}],"wp:term":[{"taxonomy":"category","embeddable":true,"href":"https:\/\/www.caririemacao.com\/1\/wp-json\/wp\/v2\/categories?post=257919"},{"taxonomy":"post_tag","embeddable":true,"href":"https:\/\/www.caririemacao.com\/1\/wp-json\/wp\/v2\/tags?post=257919"}],"curies":[{"name":"wp","href":"https:\/\/api.w.org\/{rel}","templated":true}]}}