{"id":257949,"date":"2022-10-11T18:59:54","date_gmt":"2022-10-11T21:59:54","guid":{"rendered":"https:\/\/www.caririemacao.com\/1\/?p=257949"},"modified":"2022-10-11T18:59:54","modified_gmt":"2022-10-11T21:59:54","slug":"prefeito-de-camalau-comemora-chegada-de-nova-escola-e-destaca-parceria-com-o-governador-joao-azevedo","status":"publish","type":"post","link":"https:\/\/www.caririemacao.com\/1\/2022\/10\/11\/prefeito-de-camalau-comemora-chegada-de-nova-escola-e-destaca-parceria-com-o-governador-joao-azevedo\/","title":{"rendered":"Prefeito de Camala\u00fa comemora chegada de nova escola e destaca parceria com o governador Jo\u00e3o Azev\u00eado"},"content":{"rendered":"<p>O prefeito de Camala\u00fa, Bira Mariano, esteve reunido na manh\u00e3 desta ter\u00e7a-feira (11), com o representante da empresa ELF Teixeira, Emanuel, que foi o ganhador da licita\u00e7\u00e3o para a\u00a0 constru\u00e7\u00e3o da nova escola do munic\u00edpio.<\/p>\n<p>Em um v\u00eddeo publicado nas redes sociais, o prefeito ressaltou que ser\u00e1 uma escola de seis novas salas de aulas, e destacou a parceria com o governador Jo\u00e3o Azev\u00eado.<\/p>\n<p>&#8220;Ser\u00e1 uma grande escola, com seis salas de aulas que vai trazer uma melhor infraestrutura para os nossos alunos. Quero reafirmar tamb\u00e9m nossa parceria com o governador Jo\u00e3o Azev\u00eado, que tem rendido bons frutos para o munic\u00edpio, e agora chegando mais um grande investimento fruto deste bom di\u00e1logo com o Governo do Estado,&#8221; disse.<\/p>\n<p><div class=\"ose-youtube ose-uid-c2a3be3c28347e2aed7a0fb12d201b98 ose-embedpress-responsive\" style=\"width:600px; height:550px; max-height:550px; max-width:100%; display:inline-block;\" data-embed-type=\"Youtube\"><iframe allowFullScreen=\"true\" title=\"Prefeito de Camala\u00fa comemora chegada de novo escola e ressalta parceria com o governador\" width=\"600\" height=\"550\" data-src=\"https:\/\/www.youtube.com\/embed\/8dxxqjhRU2A?feature=oembed&color=red&rel=0&controls=1&start=&end=&fs=0&iv_load_policy=0&autoplay=0&mute=0&modestbranding=0&cc_load_policy=1&playsinline=1\" frameborder=\"0\" allow=\"accelerometer; encrypted-media;accelerometer;autoplay;clipboard-write;gyroscope;picture-in-picture clipboard-write; encrypted-media; gyroscope; picture-in-picture; web-share\" referrerpolicy=\"strict-origin-when-cross-origin\" allowfullscreen src=\"data:image\/svg+xml;base64,PHN2ZyB3aWR0aD0iMSIgaGVpZ2h0PSIxIiB4bWxucz0iaHR0cDovL3d3dy53My5vcmcvMjAwMC9zdmciPjwvc3ZnPg==\" class=\"lazyload\" data-load-mode=\"1\"><\/iframe><\/div><\/p>\n<p>Ascom<\/p>\n","protected":false},"excerpt":{"rendered":"<p>O prefeito de Camala\u00fa, Bira Mariano, esteve reunido na manh\u00e3 desta ter\u00e7a-feira (11), com o representante da empresa ELF Teixeira, Emanuel, que foi o ganhador&hellip; <\/p>\n","protected":false},"author":6,"featured_media":257955,"comment_status":"closed","ping_status":"closed","sticky":false,"template":"","format":"standard","meta":{"sfsi_plus_gutenberg_text_before_share":"","sfsi_plus_gutenberg_show_text_before_share":"","sfsi_plus_gutenberg_icon_type":"","sfsi_plus_gutenberg_icon_alignemt":"","sfsi_plus_gutenburg_max_per_row":"","footnotes":""},"categories":[71,1],"tags":[],"class_list":["post-257949","post","type-post","status-publish","format-standard","has-post-thumbnail","hentry","category-camalau","category-o-site"],"_links":{"self":[{"href":"https:\/\/www.caririemacao.com\/1\/wp-json\/wp\/v2\/posts\/257949","targetHints":{"allow":["GET"]}}],"collection":[{"href":"https:\/\/www.caririemacao.com\/1\/wp-json\/wp\/v2\/posts"}],"about":[{"href":"https:\/\/www.caririemacao.com\/1\/wp-json\/wp\/v2\/types\/post"}],"author":[{"embeddable":true,"href":"https:\/\/www.caririemacao.com\/1\/wp-json\/wp\/v2\/users\/6"}],"replies":[{"embeddable":true,"href":"https:\/\/www.caririemacao.com\/1\/wp-json\/wp\/v2\/comments?post=257949"}],"version-history":[{"count":3,"href":"https:\/\/www.caririemacao.com\/1\/wp-json\/wp\/v2\/posts\/257949\/revisions"}],"predecessor-version":[{"id":257956,"href":"https:\/\/www.caririemacao.com\/1\/wp-json\/wp\/v2\/posts\/257949\/revisions\/257956"}],"wp:featuredmedia":[{"embeddable":true,"href":"https:\/\/www.caririemacao.com\/1\/wp-json\/wp\/v2\/media\/257955"}],"wp:attachment":[{"href":"https:\/\/www.caririemacao.com\/1\/wp-json\/wp\/v2\/media?parent=257949"}],"wp:term":[{"taxonomy":"category","embeddable":true,"href":"https:\/\/www.caririemacao.com\/1\/wp-json\/wp\/v2\/categories?post=257949"},{"taxonomy":"post_tag","embeddable":true,"href":"https:\/\/www.caririemacao.com\/1\/wp-json\/wp\/v2\/tags?post=257949"}],"curies":[{"name":"wp","href":"https:\/\/api.w.org\/{rel}","templated":true}]}}