{"id":257957,"date":"2022-10-12T08:34:54","date_gmt":"2022-10-12T11:34:54","guid":{"rendered":"https:\/\/www.caririemacao.com\/1\/?p=257957"},"modified":"2022-10-12T08:34:54","modified_gmt":"2022-10-12T11:34:54","slug":"republicanos-anuncia-renovacao-do-apoio-a-joao-azevedo-no-segundo-turno-da-paraiba","status":"publish","type":"post","link":"https:\/\/www.caririemacao.com\/1\/2022\/10\/12\/republicanos-anuncia-renovacao-do-apoio-a-joao-azevedo-no-segundo-turno-da-paraiba\/","title":{"rendered":"Republicanos anuncia renova\u00e7\u00e3o do apoio a Jo\u00e3o Azev\u00eado no segundo turno da Para\u00edba"},"content":{"rendered":"<p><em><strong>O presidente estadual do Republicanos, deputado federal Hugo Motta, divulgou o convite para a coletiva de imprensa.<\/strong><\/em><\/p>\n<p>O partido Republicanos vai anunciar, na manh\u00e3 desta quarta-feira (12), a renova\u00e7\u00e3o do apoio ao governador Jo\u00e3o Azev\u00eado (PSB), no segundo turno da Para\u00edba. O gestor busca a reelei\u00e7\u00e3o e concorre com Pedro Cunha Lima (PSDB).<\/p>\n<p>O presidente estadual do Republicanos, deputado federal Hugo Motta, divulgou o convite para a coletiva de imprensa. O ato acontecer\u00e1 no audit\u00f3rio do Duo Corporate Towers (DCT), no Bairro dos Ip\u00eas, em Jo\u00e3o Pessoa, \u00e0s 10h.<\/p>\n<p>FONTE: Click PB<\/p>\n","protected":false},"excerpt":{"rendered":"<p>O presidente estadual do Republicanos, deputado federal Hugo Motta, divulgou o convite para a coletiva de imprensa. O partido Republicanos vai anunciar, na manh\u00e3 desta&hellip; <\/p>\n","protected":false},"author":6,"featured_media":257958,"comment_status":"closed","ping_status":"closed","sticky":false,"template":"","format":"standard","meta":{"sfsi_plus_gutenberg_text_before_share":"","sfsi_plus_gutenberg_show_text_before_share":"","sfsi_plus_gutenberg_icon_type":"","sfsi_plus_gutenberg_icon_alignemt":"","sfsi_plus_gutenburg_max_per_row":"","footnotes":""},"categories":[50,11],"tags":[],"class_list":["post-257957","post","type-post","status-publish","format-standard","has-post-thumbnail","hentry","category-destaque","category-politica"],"_links":{"self":[{"href":"https:\/\/www.caririemacao.com\/1\/wp-json\/wp\/v2\/posts\/257957","targetHints":{"allow":["GET"]}}],"collection":[{"href":"https:\/\/www.caririemacao.com\/1\/wp-json\/wp\/v2\/posts"}],"about":[{"href":"https:\/\/www.caririemacao.com\/1\/wp-json\/wp\/v2\/types\/post"}],"author":[{"embeddable":true,"href":"https:\/\/www.caririemacao.com\/1\/wp-json\/wp\/v2\/users\/6"}],"replies":[{"embeddable":true,"href":"https:\/\/www.caririemacao.com\/1\/wp-json\/wp\/v2\/comments?post=257957"}],"version-history":[{"count":1,"href":"https:\/\/www.caririemacao.com\/1\/wp-json\/wp\/v2\/posts\/257957\/revisions"}],"predecessor-version":[{"id":257959,"href":"https:\/\/www.caririemacao.com\/1\/wp-json\/wp\/v2\/posts\/257957\/revisions\/257959"}],"wp:featuredmedia":[{"embeddable":true,"href":"https:\/\/www.caririemacao.com\/1\/wp-json\/wp\/v2\/media\/257958"}],"wp:attachment":[{"href":"https:\/\/www.caririemacao.com\/1\/wp-json\/wp\/v2\/media?parent=257957"}],"wp:term":[{"taxonomy":"category","embeddable":true,"href":"https:\/\/www.caririemacao.com\/1\/wp-json\/wp\/v2\/categories?post=257957"},{"taxonomy":"post_tag","embeddable":true,"href":"https:\/\/www.caririemacao.com\/1\/wp-json\/wp\/v2\/tags?post=257957"}],"curies":[{"name":"wp","href":"https:\/\/api.w.org\/{rel}","templated":true}]}}