{"id":257960,"date":"2022-10-12T08:38:04","date_gmt":"2022-10-12T11:38:04","guid":{"rendered":"https:\/\/www.caririemacao.com\/1\/?p=257960"},"modified":"2022-10-12T08:38:04","modified_gmt":"2022-10-12T11:38:04","slug":"confira-a-agenda-dos-candidatos-a-presidencia-nesta-quarta-12-10","status":"publish","type":"post","link":"https:\/\/www.caririemacao.com\/1\/2022\/10\/12\/confira-a-agenda-dos-candidatos-a-presidencia-nesta-quarta-12-10\/","title":{"rendered":"Confira a agenda dos candidatos \u00e0 Presid\u00eancia nesta quarta (12\/10)"},"content":{"rendered":"<h3 class=\"col-10 offset-1 animated fadeInDown dealy-900 display-8 display-md-8 alt-font font-italic my-1 text-center\" style=\"text-align: center;\"><em>Segundo turno da elei\u00e7\u00e3o ser\u00e1 no dia 30 de outubro<\/em><\/h3>\n<p>Esta \u00e9 a agenda desta quarta-feira\u00a0(12)\u00a0dos candidatos que est\u00e3o no segundo turno da disputa presidencial. O segundo turno da elei\u00e7\u00e3o ser\u00e1 no dia 30 de outubro.<img decoding=\"async\" data-src=\"https:\/\/agenciabrasil.ebc.com.br\/ebc.png?id=1487662&amp;o=node\" src=\"data:image\/svg+xml;base64,PHN2ZyB3aWR0aD0iMSIgaGVpZ2h0PSIxIiB4bWxucz0iaHR0cDovL3d3dy53My5vcmcvMjAwMC9zdmciPjwvc3ZnPg==\" class=\"lazyload\" \/><img decoding=\"async\" data-src=\"https:\/\/agenciabrasil.ebc.com.br\/ebc.gif?id=1487662&amp;o=node\" src=\"data:image\/svg+xml;base64,PHN2ZyB3aWR0aD0iMSIgaGVpZ2h0PSIxIiB4bWxucz0iaHR0cDovL3d3dy53My5vcmcvMjAwMC9zdmciPjwvc3ZnPg==\" class=\"lazyload\" \/><\/p>\n<p><strong>Jair Bolsonaro (PL):<\/strong>\u00a0O candidato \u00e0 Presid\u00eancia da Rep\u00fablica Jair Bolsonaro (PL) desembarca nesta quarta-feira (12) no Aeroporto da Pampulha, em Belo Horizonte, \u00e0s 8h30. Em seguida, se deslocar\u00e1 para o templo da igreja Mundial do Poder de Deus, na regi\u00e3o central na capital mineira.<\/p>\n<p><strong>Lula (PT):\u00a0\u00a0<\/strong>\u00c0s 10h, o candidato estar\u00e1 na caminhada na Estrada do Itarar\u00e9, no Complexo do Alem\u00e3o, Rio de Janeiro. \u00c0s 16h, Lula<strong>\u00a0<\/strong>participar\u00e1 da caminhada Brasil da Esperan\u00e7a em Salvador (BA).<\/p>\n<p>FONTE: Ag\u00eancia Brasil<\/p>\n","protected":false},"excerpt":{"rendered":"<p>Segundo turno da elei\u00e7\u00e3o ser\u00e1 no dia 30 de outubro Esta \u00e9 a agenda desta quarta-feira\u00a0(12)\u00a0dos candidatos que est\u00e3o no segundo turno da disputa presidencial.&hellip; <\/p>\n","protected":false},"author":6,"featured_media":257961,"comment_status":"closed","ping_status":"closed","sticky":false,"template":"","format":"standard","meta":{"sfsi_plus_gutenberg_text_before_share":"","sfsi_plus_gutenberg_show_text_before_share":"","sfsi_plus_gutenberg_icon_type":"","sfsi_plus_gutenberg_icon_alignemt":"","sfsi_plus_gutenburg_max_per_row":"","footnotes":""},"categories":[50],"tags":[],"class_list":["post-257960","post","type-post","status-publish","format-standard","has-post-thumbnail","hentry","category-destaque"],"_links":{"self":[{"href":"https:\/\/www.caririemacao.com\/1\/wp-json\/wp\/v2\/posts\/257960","targetHints":{"allow":["GET"]}}],"collection":[{"href":"https:\/\/www.caririemacao.com\/1\/wp-json\/wp\/v2\/posts"}],"about":[{"href":"https:\/\/www.caririemacao.com\/1\/wp-json\/wp\/v2\/types\/post"}],"author":[{"embeddable":true,"href":"https:\/\/www.caririemacao.com\/1\/wp-json\/wp\/v2\/users\/6"}],"replies":[{"embeddable":true,"href":"https:\/\/www.caririemacao.com\/1\/wp-json\/wp\/v2\/comments?post=257960"}],"version-history":[{"count":1,"href":"https:\/\/www.caririemacao.com\/1\/wp-json\/wp\/v2\/posts\/257960\/revisions"}],"predecessor-version":[{"id":257962,"href":"https:\/\/www.caririemacao.com\/1\/wp-json\/wp\/v2\/posts\/257960\/revisions\/257962"}],"wp:featuredmedia":[{"embeddable":true,"href":"https:\/\/www.caririemacao.com\/1\/wp-json\/wp\/v2\/media\/257961"}],"wp:attachment":[{"href":"https:\/\/www.caririemacao.com\/1\/wp-json\/wp\/v2\/media?parent=257960"}],"wp:term":[{"taxonomy":"category","embeddable":true,"href":"https:\/\/www.caririemacao.com\/1\/wp-json\/wp\/v2\/categories?post=257960"},{"taxonomy":"post_tag","embeddable":true,"href":"https:\/\/www.caririemacao.com\/1\/wp-json\/wp\/v2\/tags?post=257960"}],"curies":[{"name":"wp","href":"https:\/\/api.w.org\/{rel}","templated":true}]}}