{"id":257966,"date":"2022-10-12T08:44:38","date_gmt":"2022-10-12T11:44:38","guid":{"rendered":"https:\/\/www.caririemacao.com\/1\/?p=257966"},"modified":"2022-10-12T08:44:38","modified_gmt":"2022-10-12T11:44:38","slug":"luciano-e-maisa-cartaxo-formalizam-alianca-com-joao-azevedo","status":"publish","type":"post","link":"https:\/\/www.caririemacao.com\/1\/2022\/10\/12\/luciano-e-maisa-cartaxo-formalizam-alianca-com-joao-azevedo\/","title":{"rendered":"Luciano e Ma\u00edsa Cartaxo formalizam alian\u00e7a com Jo\u00e3o Azev\u00eado"},"content":{"rendered":"<p><em><strong>Eleito deputado estadual com 22.272 votos, Luciano Cartaxo ressaltou que vai trabalhar com a milit\u00e2ncia em todas as regi\u00f5es da Para\u00edba.<\/strong><\/em><\/p>\n<p>O governador e candidato \u00e0 reelei\u00e7\u00e3o Jo\u00e3o Azev\u00eado (PSB) recebeu, nesta ter\u00e7a-feira (11), a ades\u00e3o do ex-prefeito de Jo\u00e3o Pessoa e deputado estadual eleito Luciano Cartaxo (PT), da candidata a vice-governadora na chapa do MDB no primeiro turno, Ma\u00edsa Cartaxo (PT), e do suplente de deputado federal Luc\u00e9lio Cartaxo (PT), neste segundo turno das elei\u00e7\u00f5es.<\/p>\n<p>Eleito deputado estadual com 22.272 votos, Luciano Cartaxo ressaltou que vai trabalhar com a milit\u00e2ncia em todas as regi\u00f5es da Para\u00edba para pedir votos para Jo\u00e3o e Lula (PT).<\/p>\n<p>Jo\u00e3o comemorou o refor\u00e7o da campanha no segundo turno com a chegada de Luciano, Ma\u00edsa, Luc\u00e9lio e os integrantes do PT. \u201cEsse apoio, que representa uma grande uni\u00e3o de for\u00e7as, ser\u00e1 fundamental\u201d.<\/p>\n<p>Ma\u00edsa Cartaxo, que integrou a chapa do MDB como vice-governadora, destacou a uni\u00e3o do PT e do campo progressista da Para\u00edba para eleger Jo\u00e3o e Lula. \u201cEsse \u00e9 um momento de fortalecimento da democracia; estamos ao lado de Jo\u00e3o Azev\u00eado\u201d, comentou.<\/p>\n<p>FONTE: Portal Correio<\/p>\n","protected":false},"excerpt":{"rendered":"<p>Eleito deputado estadual com 22.272 votos, Luciano Cartaxo ressaltou que vai trabalhar com a milit\u00e2ncia em todas as regi\u00f5es da Para\u00edba. O governador e candidato&hellip; <\/p>\n","protected":false},"author":6,"featured_media":257967,"comment_status":"closed","ping_status":"closed","sticky":false,"template":"","format":"standard","meta":{"sfsi_plus_gutenberg_text_before_share":"","sfsi_plus_gutenberg_show_text_before_share":"","sfsi_plus_gutenberg_icon_type":"","sfsi_plus_gutenberg_icon_alignemt":"","sfsi_plus_gutenburg_max_per_row":"","footnotes":""},"categories":[50,104,11],"tags":[],"class_list":["post-257966","post","type-post","status-publish","format-standard","has-post-thumbnail","hentry","category-destaque","category-paraiba","category-politica"],"_links":{"self":[{"href":"https:\/\/www.caririemacao.com\/1\/wp-json\/wp\/v2\/posts\/257966","targetHints":{"allow":["GET"]}}],"collection":[{"href":"https:\/\/www.caririemacao.com\/1\/wp-json\/wp\/v2\/posts"}],"about":[{"href":"https:\/\/www.caririemacao.com\/1\/wp-json\/wp\/v2\/types\/post"}],"author":[{"embeddable":true,"href":"https:\/\/www.caririemacao.com\/1\/wp-json\/wp\/v2\/users\/6"}],"replies":[{"embeddable":true,"href":"https:\/\/www.caririemacao.com\/1\/wp-json\/wp\/v2\/comments?post=257966"}],"version-history":[{"count":1,"href":"https:\/\/www.caririemacao.com\/1\/wp-json\/wp\/v2\/posts\/257966\/revisions"}],"predecessor-version":[{"id":257968,"href":"https:\/\/www.caririemacao.com\/1\/wp-json\/wp\/v2\/posts\/257966\/revisions\/257968"}],"wp:featuredmedia":[{"embeddable":true,"href":"https:\/\/www.caririemacao.com\/1\/wp-json\/wp\/v2\/media\/257967"}],"wp:attachment":[{"href":"https:\/\/www.caririemacao.com\/1\/wp-json\/wp\/v2\/media?parent=257966"}],"wp:term":[{"taxonomy":"category","embeddable":true,"href":"https:\/\/www.caririemacao.com\/1\/wp-json\/wp\/v2\/categories?post=257966"},{"taxonomy":"post_tag","embeddable":true,"href":"https:\/\/www.caririemacao.com\/1\/wp-json\/wp\/v2\/tags?post=257966"}],"curies":[{"name":"wp","href":"https:\/\/api.w.org\/{rel}","templated":true}]}}