{"id":258115,"date":"2022-10-14T09:14:33","date_gmt":"2022-10-14T12:14:33","guid":{"rendered":"https:\/\/www.caririemacao.com\/1\/?p=258115"},"modified":"2022-10-14T09:14:33","modified_gmt":"2022-10-14T12:14:33","slug":"agenda-dos-presidenciaveis-bolsonaro-estara-no-rio-e-em-belo-horizonte-lula-vai-a-recife","status":"publish","type":"post","link":"https:\/\/www.caririemacao.com\/1\/2022\/10\/14\/agenda-dos-presidenciaveis-bolsonaro-estara-no-rio-e-em-belo-horizonte-lula-vai-a-recife\/","title":{"rendered":"Agenda dos presidenci\u00e1veis: Bolsonaro estar\u00e1 no Rio e em Belo Horizonte; Lula vai a Recife"},"content":{"rendered":"<p><em><strong>Presidente se re\u00fane com o governador do Rio de Janeiro e de Minas Gerais; petista faz caminhada com candidata ao Governo de Pernambuco.<\/strong><\/em><\/p>\n<p>Na disputa pela Presid\u00eancia da Rep\u00fablica, os candidatos Jair Bolsonaro (PL) e Luiz In\u00e1cio Lula da Silva (PT) participar\u00e3o de eventos de campanha no Rio de Janeiro, em Minas Gerais e em Pernambuco nesta sexta-feira (14).<\/p>\n<p>A agenda do presidente come\u00e7a no Rio de Janeiro, onde participar\u00e1 de uma entrevista em um podcast com transmiss\u00e3o pelo YouTube, \u00e0s 8h. Duas horas depois, Bolsonaro se reunir\u00e1 com o governador Cl\u00e1udio Castro (PL), em Duque de Caxias, munic\u00edpio na Baixada Fluminense. Castro foi reeleito no primeiro turno com 4.930.288 votos (58,67%).<\/p>\n<p>Em seguida, o chefe do Executivo nacional viajar\u00e1 para Minas Gerais. Em Belo Horizonte, ele se reunir\u00e1 com o governador Romeu Zema e com prefeitos mineiros, \u00e0s 14h30. Na ocasi\u00e3o, os gestores municipais apresentar\u00e3o demandas dos munic\u00edpios. No mesmo dia, Bolsonaro viajar\u00e1 para Teresina, onde dormir\u00e1 para participar de compromissos previstos para este s\u00e1bado (15).<\/p>\n<p>O ex-presidente Lula reservou esta sexta para fazer campanha em outra capital do Nordeste. Dessa vez, a \u201cCaminhada Brasil da Esperan\u00e7a\u201d ser\u00e1 realizada em Recife, cidade onde Bolsonaro esteve nessa quinta-feira (13). O ato come\u00e7ar\u00e1 \u00e0s 11h, com sa\u00edda da Rua do Hosp\u00edcio, ao lado da Faculdade de Direito. O petista estar\u00e1 acompanhado da candidata ao Governo de Pernambuco pelo Solidariedade, Mar\u00edlia Arraes.<\/p>\n<p>Esta ser\u00e1 a quarta caminhada do ex-presidente em capitais nordestinas num per\u00edodo de tr\u00eas dias. Na \u00faltima quarta-feira (12), Lula esteve em Salvador. Nessa quinta, ele fez o ato em Aracaju, pela manh\u00e3, e em Macei\u00f3, \u00e0 tarde.<\/p>\n<p>FONTE: Portal Correio<\/p>\n","protected":false},"excerpt":{"rendered":"<p>Presidente se re\u00fane com o governador do Rio de Janeiro e de Minas Gerais; petista faz caminhada com candidata ao Governo de Pernambuco. Na disputa&hellip; <\/p>\n","protected":false},"author":6,"featured_media":258116,"comment_status":"closed","ping_status":"closed","sticky":false,"template":"","format":"standard","meta":{"sfsi_plus_gutenberg_text_before_share":"","sfsi_plus_gutenberg_show_text_before_share":"","sfsi_plus_gutenberg_icon_type":"","sfsi_plus_gutenberg_icon_alignemt":"","sfsi_plus_gutenburg_max_per_row":"","footnotes":""},"categories":[50,11],"tags":[],"class_list":["post-258115","post","type-post","status-publish","format-standard","has-post-thumbnail","hentry","category-destaque","category-politica"],"_links":{"self":[{"href":"https:\/\/www.caririemacao.com\/1\/wp-json\/wp\/v2\/posts\/258115","targetHints":{"allow":["GET"]}}],"collection":[{"href":"https:\/\/www.caririemacao.com\/1\/wp-json\/wp\/v2\/posts"}],"about":[{"href":"https:\/\/www.caririemacao.com\/1\/wp-json\/wp\/v2\/types\/post"}],"author":[{"embeddable":true,"href":"https:\/\/www.caririemacao.com\/1\/wp-json\/wp\/v2\/users\/6"}],"replies":[{"embeddable":true,"href":"https:\/\/www.caririemacao.com\/1\/wp-json\/wp\/v2\/comments?post=258115"}],"version-history":[{"count":1,"href":"https:\/\/www.caririemacao.com\/1\/wp-json\/wp\/v2\/posts\/258115\/revisions"}],"predecessor-version":[{"id":258117,"href":"https:\/\/www.caririemacao.com\/1\/wp-json\/wp\/v2\/posts\/258115\/revisions\/258117"}],"wp:featuredmedia":[{"embeddable":true,"href":"https:\/\/www.caririemacao.com\/1\/wp-json\/wp\/v2\/media\/258116"}],"wp:attachment":[{"href":"https:\/\/www.caririemacao.com\/1\/wp-json\/wp\/v2\/media?parent=258115"}],"wp:term":[{"taxonomy":"category","embeddable":true,"href":"https:\/\/www.caririemacao.com\/1\/wp-json\/wp\/v2\/categories?post=258115"},{"taxonomy":"post_tag","embeddable":true,"href":"https:\/\/www.caririemacao.com\/1\/wp-json\/wp\/v2\/tags?post=258115"}],"curies":[{"name":"wp","href":"https:\/\/api.w.org\/{rel}","templated":true}]}}