{"id":258121,"date":"2022-10-14T09:20:08","date_gmt":"2022-10-14T12:20:08","guid":{"rendered":"https:\/\/www.caririemacao.com\/1\/?p=258121"},"modified":"2022-10-14T09:20:08","modified_gmt":"2022-10-14T12:20:08","slug":"paraiba-e-unico-estado-a-bater-meta-de-vacinacao-da-polio","status":"publish","type":"post","link":"https:\/\/www.caririemacao.com\/1\/2022\/10\/14\/paraiba-e-unico-estado-a-bater-meta-de-vacinacao-da-polio\/","title":{"rendered":"Para\u00edba \u00e9 \u00fanico estado a bater meta de vacina\u00e7\u00e3o da p\u00f3lio"},"content":{"rendered":"<p>Com 95,1% do p\u00fablico-alvo vacinado, a Para\u00edba \u00e9 o primeiro estado a alcan\u00e7ar a meta na campanha de imuniza\u00e7\u00e3o contra a poliomielite, tamb\u00e9m conhecida como paralisia infantil. A marca foi atingida na quinta-feira (13) , 67 dias ap\u00f3s o in\u00edcio da campanha. A informa\u00e7\u00e3o \u00e9 do jornal O Globo, com dados do vacin\u00f4metro do Minist\u00e9rio da Sa\u00fade.<\/p>\n<p>A pasta informa ainda que a taxa de cobertura cai para dois ter\u00e7os (64,76%) na m\u00e9dia nacional.<\/p>\n<p>Atr\u00e1s da Para\u00edba, o Amap\u00e1 registra 90,3% de cobertura vacinal contra a poliomielite. Nenhum outro estado rompeu a barreira dos 90%. Noutra ponta, o Acre \u00e9 o estado com a menor taxa, de 30,3%, lado a lado com Roraima (30,5%), segundo a pasta. A meta do minist\u00e9rio \u00e9 imunizar 95% das crian\u00e7as de at\u00e9 5 anos em todo o Brasil.<\/p>\n<p>O problema da baixa cobertura das vacinas no pa\u00eds \u00e9 a amea\u00e7a do retorno de doen\u00e7as, n\u00e3o apenas a p\u00f3lio, como tamb\u00e9m a meningite, que j\u00e1 matou 707 pessoas no Brasil em 2022, e sarampo. Na lista de principais motivos que expliquem a baixa cobertura vacinal, especialistas apontam que a popula\u00e7\u00e3o subestima os riscos da doen\u00e7a, em parte porque jamais tiveram qualquer contato com v\u00edtimas e tamb\u00e9m pela falta de informa\u00e7\u00f5es.<\/p>\n<p>A Campanha Nacional de Vacina\u00e7\u00e3o contra a Poliomielite e Multivacina\u00e7\u00e3o come\u00e7ou em 8 de agosto e duraria, incialmente, at\u00e9 9 de setembro. O Minist\u00e9rio da Sa\u00fade estendeu a iniciativa at\u00e9 o dia 30 do mesmo m\u00eas diante dos baixos \u00edndices de cobertura. Pelo menos 12 estados mais o Distrito Federal prorrogaram novamente a campanha de imuniza\u00e7\u00e3o contra paralisia infantil.<\/p>\n<p>A vacina, ofertada gratuitamente pelo Sistema \u00danico de Sa\u00fade (SUS), \u00e9 a \u00fanica forma de evitar a p\u00f3lio e, consequentemente, as sequelas. Cada crian\u00e7a deve receber tr\u00eas doses iniciais da vacina inativada (VIP, vers\u00e3o injet\u00e1vel) aplicadas aos 2, 4 e 6 meses de idade. Depois, h\u00e1 dois refor\u00e7os, com a vacina atenuada (VOP, a famosa \u201cgotinha\u201d): o primeiro entre os 15 e 18 meses de vida e o \u00faltimo aos 4 anos.<\/p>\n<p>FONTE: Mais PB<\/p>\n","protected":false},"excerpt":{"rendered":"<p>Com 95,1% do p\u00fablico-alvo vacinado, a Para\u00edba \u00e9 o primeiro estado a alcan\u00e7ar a meta na campanha de imuniza\u00e7\u00e3o contra a poliomielite, tamb\u00e9m conhecida como&hellip; <\/p>\n","protected":false},"author":6,"featured_media":258122,"comment_status":"closed","ping_status":"closed","sticky":false,"template":"","format":"standard","meta":{"sfsi_plus_gutenberg_text_before_share":"","sfsi_plus_gutenberg_show_text_before_share":"","sfsi_plus_gutenberg_icon_type":"","sfsi_plus_gutenberg_icon_alignemt":"","sfsi_plus_gutenburg_max_per_row":"","footnotes":""},"categories":[50,104,11],"tags":[],"class_list":["post-258121","post","type-post","status-publish","format-standard","has-post-thumbnail","hentry","category-destaque","category-paraiba","category-politica"],"_links":{"self":[{"href":"https:\/\/www.caririemacao.com\/1\/wp-json\/wp\/v2\/posts\/258121","targetHints":{"allow":["GET"]}}],"collection":[{"href":"https:\/\/www.caririemacao.com\/1\/wp-json\/wp\/v2\/posts"}],"about":[{"href":"https:\/\/www.caririemacao.com\/1\/wp-json\/wp\/v2\/types\/post"}],"author":[{"embeddable":true,"href":"https:\/\/www.caririemacao.com\/1\/wp-json\/wp\/v2\/users\/6"}],"replies":[{"embeddable":true,"href":"https:\/\/www.caririemacao.com\/1\/wp-json\/wp\/v2\/comments?post=258121"}],"version-history":[{"count":1,"href":"https:\/\/www.caririemacao.com\/1\/wp-json\/wp\/v2\/posts\/258121\/revisions"}],"predecessor-version":[{"id":258123,"href":"https:\/\/www.caririemacao.com\/1\/wp-json\/wp\/v2\/posts\/258121\/revisions\/258123"}],"wp:featuredmedia":[{"embeddable":true,"href":"https:\/\/www.caririemacao.com\/1\/wp-json\/wp\/v2\/media\/258122"}],"wp:attachment":[{"href":"https:\/\/www.caririemacao.com\/1\/wp-json\/wp\/v2\/media?parent=258121"}],"wp:term":[{"taxonomy":"category","embeddable":true,"href":"https:\/\/www.caririemacao.com\/1\/wp-json\/wp\/v2\/categories?post=258121"},{"taxonomy":"post_tag","embeddable":true,"href":"https:\/\/www.caririemacao.com\/1\/wp-json\/wp\/v2\/tags?post=258121"}],"curies":[{"name":"wp","href":"https:\/\/api.w.org\/{rel}","templated":true}]}}