{"id":258632,"date":"2022-10-23T09:01:23","date_gmt":"2022-10-23T12:01:23","guid":{"rendered":"https:\/\/www.caririemacao.com\/1\/?p=258632"},"modified":"2022-10-23T09:01:23","modified_gmt":"2022-10-23T12:01:23","slug":"em-live-com-bolsonaro-neymar-diz-que-apoio-e-retribuicao-por-ajuda-no-pior-momento-de-sua-vida","status":"publish","type":"post","link":"https:\/\/www.caririemacao.com\/1\/2022\/10\/23\/em-live-com-bolsonaro-neymar-diz-que-apoio-e-retribuicao-por-ajuda-no-pior-momento-de-sua-vida\/","title":{"rendered":"Em live com Bolsonaro, Neymar diz que apoio \u00e9 retribui\u00e7\u00e3o por ajuda no &#8216;pior momento&#8217; de sua vida"},"content":{"rendered":"<p style=\"text-align: center;\"><em><strong>Jogador participou de transmiss\u00e3o ao vivo em campanha para o presidente.<\/strong><\/em><\/p>\n<p>Em live com o presidente Jair Bolsonaro (PL), o jogador de futebol Neymar afirmou que o apoio \u00e0 reelei\u00e7\u00e3o do mandat\u00e1rio \u00e9 uma retribui\u00e7\u00e3o \u00e0 ajuda que recebeu no &#8220;pior momento&#8221; de sua vida. Sem mencionar a que se referia, o craque do Paris Saint-Germain, clube da Fran\u00e7a, disse que o presidente foi o &#8220;primeiro a se posicionar publicamente&#8221; ao seu lado.<\/p>\n<p>Bolsonaro se posicionou publicamente em defesa do jogador quando ele foi acusado de estuprar uma modelo brasileira em Paris. O caso aconteceu em abril de 2019 e foi arquivado meses depois por falta de provas.<\/p>\n<p>\u2014 Eu queria agradecer ao presidente. No momento mais dif\u00edcil da minha vida, o presidente foi o primeiro a se posicionar publicamente dizendo que estaria do meu lado. Ent\u00e3o, quando vi o que estava aconteceu, senti no meu cora\u00e7\u00e3o que tamb\u00e9m deveria retribuir esse mesmo carinho que ele teve comigo sem ao menos me conhecer. A gente nem tinha se falado, [nem] tinha se conhecido pessoalmente. E ele botou ali o peito dele na frente, a cara na frente, sendo julgado e tudo, e acreditou em mim. Ent\u00e3o eu estou fazendo o mesmo. Eu acredito no presidente, acredito que ele \u00e9 o cara certo para conduzir o nosso Brasil \u2014 disse Neymar.<\/p>\n<p>Em 2019, o jogador foi acusado de ter estuprado a modelo Najila Trindade durante uma viagem dela a Paris. Em abril daquele ano, Bolsonaro saiu em defesa de Neymar e afirmou que o atleta era &#8220;um garoto&#8221; e disse que acreditava nele.<\/p>\n<p>\u2014 Espero dar um abra\u00e7o no Neymar antes do jogo. \u00c9 um garoto. Est\u00e1 num momento dif\u00edcil, mas eu acredito nele \u2014 disse Bolsonaro.<\/p>\n<p>Na \u00e9poca, Neymar negou que tenha cometido o crime e chegou a publicar fotos \u00edntimas com a modelo para provar que houve consentimento na rela\u00e7\u00e3o entre os dois.<\/p>\n<p>Naquele mesmo ano, o pai do atleta, Neymar da Silva Santos, tamb\u00e9m procurou Bolsonaro para uma ajuda \u00e0 d\u00edvida milion\u00e1ria que a fam\u00edlia tem com a Receita Federal. O caso ainda n\u00e3o foi resolvido e a d\u00edvida, de cerca de R$ 8 milh\u00f5es, ainda est\u00e1 sendo questionada na Justi\u00e7a.<\/p>\n<p>FONTE: Click PB<\/p>\n","protected":false},"excerpt":{"rendered":"<p>Jogador participou de transmiss\u00e3o ao vivo em campanha para o presidente. Em live com o presidente Jair Bolsonaro (PL), o jogador de futebol Neymar afirmou&hellip; <\/p>\n","protected":false},"author":6,"featured_media":258633,"comment_status":"closed","ping_status":"closed","sticky":false,"template":"","format":"standard","meta":{"sfsi_plus_gutenberg_text_before_share":"","sfsi_plus_gutenberg_show_text_before_share":"","sfsi_plus_gutenberg_icon_type":"","sfsi_plus_gutenberg_icon_alignemt":"","sfsi_plus_gutenburg_max_per_row":"","footnotes":""},"categories":[50],"tags":[],"class_list":["post-258632","post","type-post","status-publish","format-standard","has-post-thumbnail","hentry","category-destaque"],"_links":{"self":[{"href":"https:\/\/www.caririemacao.com\/1\/wp-json\/wp\/v2\/posts\/258632","targetHints":{"allow":["GET"]}}],"collection":[{"href":"https:\/\/www.caririemacao.com\/1\/wp-json\/wp\/v2\/posts"}],"about":[{"href":"https:\/\/www.caririemacao.com\/1\/wp-json\/wp\/v2\/types\/post"}],"author":[{"embeddable":true,"href":"https:\/\/www.caririemacao.com\/1\/wp-json\/wp\/v2\/users\/6"}],"replies":[{"embeddable":true,"href":"https:\/\/www.caririemacao.com\/1\/wp-json\/wp\/v2\/comments?post=258632"}],"version-history":[{"count":1,"href":"https:\/\/www.caririemacao.com\/1\/wp-json\/wp\/v2\/posts\/258632\/revisions"}],"predecessor-version":[{"id":258634,"href":"https:\/\/www.caririemacao.com\/1\/wp-json\/wp\/v2\/posts\/258632\/revisions\/258634"}],"wp:featuredmedia":[{"embeddable":true,"href":"https:\/\/www.caririemacao.com\/1\/wp-json\/wp\/v2\/media\/258633"}],"wp:attachment":[{"href":"https:\/\/www.caririemacao.com\/1\/wp-json\/wp\/v2\/media?parent=258632"}],"wp:term":[{"taxonomy":"category","embeddable":true,"href":"https:\/\/www.caririemacao.com\/1\/wp-json\/wp\/v2\/categories?post=258632"},{"taxonomy":"post_tag","embeddable":true,"href":"https:\/\/www.caririemacao.com\/1\/wp-json\/wp\/v2\/tags?post=258632"}],"curies":[{"name":"wp","href":"https:\/\/api.w.org\/{rel}","templated":true}]}}