{"id":25949,"date":"2017-08-13T08:08:35","date_gmt":"2017-08-13T11:08:35","guid":{"rendered":"http:\/\/caririemacao.com\/1\/?p=25949"},"modified":"2017-08-13T14:31:06","modified_gmt":"2017-08-13T17:31:06","slug":"sao-sebastiao-do-umbuzeiro-e-monteiro-sao-selecionados-no-programa-segundo","status":"publish","type":"post","link":"https:\/\/www.caririemacao.com\/1\/2017\/08\/13\/sao-sebastiao-do-umbuzeiro-e-monteiro-sao-selecionados-no-programa-segundo\/","title":{"rendered":"S\u00e3o Sebasti\u00e3o do Umbuzeiro e Monteiro s\u00e3o selecionados no Programa Segundo"},"content":{"rendered":"<p>O Di\u00e1rio Oficial da Uni\u00e3o desta sexta-feira (11.08) publicou o resultado preliminar da 2\u00aa Etapa de classifica\u00e7\u00e3o das propostas correspondente ao Programa Segundo Tempo Padr\u00e3o e Programa Segundo Tempo Universit\u00e1rio, da Secretaria Nacional de Esporte, Educa\u00e7\u00e3o, Lazer e Inclus\u00e3o Social (Snelis), do Minist\u00e9rio do Esporte. No total, foram selecionadas 654 propostas para os programas PST Padr\u00e3o e PST Universit\u00e1rio e 43 para o PST Paradesporto.<\/p>\n<p>Na regi\u00e3o do Cariri Paraibano (Ocidental), apenas os munic\u00edpios de S\u00e3o Sebasti\u00e3o do Umbuzeiro e Monteiro foram selecionados no Programa.<\/p>\n<p><a href=\"http:\/\/caririemacao.com\/1\/wp-content\/uploads\/2017\/08\/20294132_1067786256690730_278613413951168787_n.jpg\"><img fetchpriority=\"high\" decoding=\"async\" class=\"aligncenter wp-image-25951 size-full\" src=\"http:\/\/caririemacao.com\/1\/wp-content\/uploads\/2017\/08\/20294132_1067786256690730_278613413951168787_n.jpg\" alt=\"\" width=\"800\" height=\"532\" srcset=\"https:\/\/www.caririemacao.com\/1\/wp-content\/uploads\/2017\/08\/20294132_1067786256690730_278613413951168787_n.jpg 800w, https:\/\/www.caririemacao.com\/1\/wp-content\/uploads\/2017\/08\/20294132_1067786256690730_278613413951168787_n-300x200.jpg 300w, https:\/\/www.caririemacao.com\/1\/wp-content\/uploads\/2017\/08\/20294132_1067786256690730_278613413951168787_n-768x511.jpg 768w\" sizes=\"(max-width: 800px) 100vw, 800px\" \/><\/a><\/p>\n<p>Para o prefeito Adriano Wolff, com a escolha de S\u00e3o Sebasti\u00e3o do Umbuzeiro como uma das propostas selecionadas, o munic\u00edpio receber\u00e1 recursos do Or\u00e7amento Geral da Uni\u00e3o para implanta\u00e7\u00e3o e desenvolvimento do programa. Os projetos dever\u00e3o oferecer pr\u00e1ticas corporais que estimulem o desenvolvimento integral dos beneficiados, estimular os valores sociais e culturais inerentes \u00e0s pr\u00e1ticas corporais e oferecer condi\u00e7\u00f5es pedag\u00f3gicas adequadas para a pr\u00e1tica esportiva educacional.<\/p>\n<p>O Programa Segundo Tempo (PST) Padr\u00e3o \u00e9 desenvolvido pela Secretaria Nacional de Esporte, Educa\u00e7\u00e3o, Lazer e Inclus\u00e3o Social do Minist\u00e9rio do Esporte (ME), no qual visa democratizar o acesso \u00e0 pr\u00e1tica e \u00e0 cultura do esporte educacional, promover o desenvolvimento integral de crian\u00e7as e adolescentes como fator de forma\u00e7\u00e3o da cidadania e melhoria da qualidade de vida, prioritariamente daqueles que se encontram em \u00e1reas de vulnerabilidade social e, preferencialmente, regularmente matriculados na rede p\u00fablica de ensino.<\/p>\n<p><a href=\"http:\/\/www.esporte.gov.br\/arquivos\/snelis\/2017\/portaria_08_2017_publicacao_resultado_preliminar_2a_fase_PST_padrao_e_universitario.pdf\"><strong>CLIQUE AQUI E VEJA RELA\u00c7\u00c3O COMPLETA<\/strong><\/a><\/p>\n<p><strong>CARIRI EM A\u00c7\u00c3O<\/strong><\/p>\n<p><strong>Leia mais not\u00edcias em\u00a0<\/strong><a href=\"http:\/\/www.caririemacao.com\/\"><strong>caririemacao.com<\/strong><\/a><strong>, siga nossa p\u00e1gina no\u00a0<\/strong><a href=\"https:\/\/www.facebook.com\/CaririEmAcao\/?ref=aymt_homepage_panel\"><strong>Facebook<\/strong><\/a>,<strong>\u00a0<\/strong><a href=\"https:\/\/www.instagram.com\/cariri_em_acao\/?hl=pt-br\"><strong>Instagram<\/strong><\/a><strong>\u00a0e <\/strong><a href=\"https:\/\/www.youtube.com\/channel\/UCAptA0jQuYQy8vMhLt2m4qg\"><strong>Youtube<\/strong><\/a><strong>\u00a0e veja nossas mat\u00e9rias, v\u00eddeos e fotos. Voc\u00ea tamb\u00e9m pode enviar informa\u00e7\u00f5es \u00e0 Reda\u00e7\u00e3o do Portal Cariri em A\u00e7\u00e3o pelo WhatsApp (83) 9 9634.5791, (83) 9 9601-1162.<\/strong><\/p>\n","protected":false},"excerpt":{"rendered":"<p>O Di\u00e1rio Oficial da Uni\u00e3o desta sexta-feira (11.08) publicou o resultado preliminar da 2\u00aa Etapa de classifica\u00e7\u00e3o das propostas correspondente ao Programa Segundo Tempo Padr\u00e3o&hellip; <\/p>\n","protected":false},"author":2,"featured_media":25950,"comment_status":"closed","ping_status":"closed","sticky":false,"template":"","format":"standard","meta":{"sfsi_plus_gutenberg_text_before_share":"","sfsi_plus_gutenberg_show_text_before_share":"","sfsi_plus_gutenberg_icon_type":"","sfsi_plus_gutenberg_icon_alignemt":"","sfsi_plus_gutenburg_max_per_row":"","footnotes":""},"categories":[6],"tags":[],"class_list":["post-25949","post","type-post","status-publish","format-standard","has-post-thumbnail","hentry","category-cidades"],"_links":{"self":[{"href":"https:\/\/www.caririemacao.com\/1\/wp-json\/wp\/v2\/posts\/25949","targetHints":{"allow":["GET"]}}],"collection":[{"href":"https:\/\/www.caririemacao.com\/1\/wp-json\/wp\/v2\/posts"}],"about":[{"href":"https:\/\/www.caririemacao.com\/1\/wp-json\/wp\/v2\/types\/post"}],"author":[{"embeddable":true,"href":"https:\/\/www.caririemacao.com\/1\/wp-json\/wp\/v2\/users\/2"}],"replies":[{"embeddable":true,"href":"https:\/\/www.caririemacao.com\/1\/wp-json\/wp\/v2\/comments?post=25949"}],"version-history":[{"count":0,"href":"https:\/\/www.caririemacao.com\/1\/wp-json\/wp\/v2\/posts\/25949\/revisions"}],"wp:featuredmedia":[{"embeddable":true,"href":"https:\/\/www.caririemacao.com\/1\/wp-json\/wp\/v2\/media\/25950"}],"wp:attachment":[{"href":"https:\/\/www.caririemacao.com\/1\/wp-json\/wp\/v2\/media?parent=25949"}],"wp:term":[{"taxonomy":"category","embeddable":true,"href":"https:\/\/www.caririemacao.com\/1\/wp-json\/wp\/v2\/categories?post=25949"},{"taxonomy":"post_tag","embeddable":true,"href":"https:\/\/www.caririemacao.com\/1\/wp-json\/wp\/v2\/tags?post=25949"}],"curies":[{"name":"wp","href":"https:\/\/api.w.org\/{rel}","templated":true}]}}