{"id":259525,"date":"2022-11-13T09:09:35","date_gmt":"2022-11-13T12:09:35","guid":{"rendered":"https:\/\/www.caririemacao.com\/1\/?p=259525"},"modified":"2022-11-13T09:09:35","modified_gmt":"2022-11-13T12:09:35","slug":"marina-silva-defende-entidade-para-acompanhar-acoes-voltadas-ao-meio-ambiente","status":"publish","type":"post","link":"https:\/\/www.caririemacao.com\/1\/2022\/11\/13\/marina-silva-defende-entidade-para-acompanhar-acoes-voltadas-ao-meio-ambiente\/","title":{"rendered":"Marina Silva defende entidade para acompanhar a\u00e7\u00f5es voltadas ao meio ambiente"},"content":{"rendered":"<p>A ex-ministra do Meio Ambiente e deputada federal eleita nas elei\u00e7\u00f5es 2022, Marina Silva (REDE), defendeu ontem s\u00e1bado (12), a cria\u00e7\u00e3o de uma Autoridade Nacional para Mudan\u00e7a Clim\u00e1tica.<\/p>\n<p>De car\u00e1ter t\u00e9cnico, a institui\u00e7\u00e3o serviria para evitar interfer\u00eancias pol\u00edticas tendo o papel de acompanhar o desdobramento dos esfor\u00e7os p\u00fablicos, verificar a capacidade de resili\u00eancia em rela\u00e7\u00e3o \u00e0 mitiga\u00e7\u00e3o e fiscalizar o cumprimento das metas nacionais.<\/p>\n<p>A defesa foi feita pela deputada federal eleita durante evento no Brazil Climate Action Hub , o espa\u00e7o da sociedade civil brasileira na COP27.<\/p>\n<p>\u201cComo somos um pa\u00eds vulner\u00e1vel e j\u00e1 vivemos os efeitos da mudan\u00e7a clim\u00e1tica, \u00e9 perfeitamente cab\u00edvel termos uma autoridade nacional para fiscalizar o setor p\u00fablico\u201d, disse Marina. A inspira\u00e7\u00e3o veio de outras duas entidades nacionais de fiscaliza\u00e7\u00e3o e controle: a autoridade para risco nuclear e a autoridade monet\u00e1ria para controle da infla\u00e7\u00e3o.<\/p>\n<p>Ela defendeu tamb\u00e9m uma amplia\u00e7\u00e3o de verbas do Plano Safra para programas de agricultura sustent\u00e1vel.<br \/>\n\u201cO Brasil n\u00e3o vai deixar de ser uma pot\u00eancia agr\u00edcola, mas vamos aumentar a produ\u00e7\u00e3o com ganho de produtividade, n\u00e3o por expans\u00e3o predat\u00f3ria da fronteira agr\u00edcola\u201d, avalia. \u201cCom apenas 1% (do Plano Safra) para agricultura de baixo carbono, nunca vamos chegar l\u00e1\u201d, afirmou Marina, defendendo mais recursos para recupera\u00e7\u00e3o florestal.<\/p>\n<p>A Autoridade Nacional para Mudan\u00e7a Clim\u00e1tica seria respons\u00e1vel por verificar se em suas pol\u00edticas e pr\u00e1ticas o setor p\u00fablico atua de maneira condizente com os compromissos assumidos pelo pa\u00eds nas negocia\u00e7\u00f5es internacionais. De acordo com Marina, deputada federal eleita por S\u00e3o Paulo, os governadores tamb\u00e9m teriam papel protagonista em controlar o desmatamento em n\u00edvel regional.<\/p>\n<p>\u201cSabemos que n\u00e3o \u00e9 algo m\u00e1gico, da noite para o dia. Desmatamento<br \/>\nzero \u00e9 a meta, com combate sem tr\u00e9gua ao crime das florestas, respeito \u00e0s comunidades e uma reindustrializa\u00e7\u00e3o em conson\u00e2ncia com o Acordo de Paris\u201d, acrescentou.<\/p>\n<p>FONTE: Click PB<\/p>\n","protected":false},"excerpt":{"rendered":"<p>A ex-ministra do Meio Ambiente e deputada federal eleita nas elei\u00e7\u00f5es 2022, Marina Silva (REDE), defendeu ontem s\u00e1bado (12), a cria\u00e7\u00e3o de uma Autoridade Nacional&hellip; <\/p>\n","protected":false},"author":6,"featured_media":259526,"comment_status":"closed","ping_status":"closed","sticky":false,"template":"","format":"standard","meta":{"sfsi_plus_gutenberg_text_before_share":"","sfsi_plus_gutenberg_show_text_before_share":"","sfsi_plus_gutenberg_icon_type":"","sfsi_plus_gutenberg_icon_alignemt":"","sfsi_plus_gutenburg_max_per_row":"","footnotes":""},"categories":[50,11],"tags":[],"class_list":["post-259525","post","type-post","status-publish","format-standard","has-post-thumbnail","hentry","category-destaque","category-politica"],"_links":{"self":[{"href":"https:\/\/www.caririemacao.com\/1\/wp-json\/wp\/v2\/posts\/259525","targetHints":{"allow":["GET"]}}],"collection":[{"href":"https:\/\/www.caririemacao.com\/1\/wp-json\/wp\/v2\/posts"}],"about":[{"href":"https:\/\/www.caririemacao.com\/1\/wp-json\/wp\/v2\/types\/post"}],"author":[{"embeddable":true,"href":"https:\/\/www.caririemacao.com\/1\/wp-json\/wp\/v2\/users\/6"}],"replies":[{"embeddable":true,"href":"https:\/\/www.caririemacao.com\/1\/wp-json\/wp\/v2\/comments?post=259525"}],"version-history":[{"count":1,"href":"https:\/\/www.caririemacao.com\/1\/wp-json\/wp\/v2\/posts\/259525\/revisions"}],"predecessor-version":[{"id":259527,"href":"https:\/\/www.caririemacao.com\/1\/wp-json\/wp\/v2\/posts\/259525\/revisions\/259527"}],"wp:featuredmedia":[{"embeddable":true,"href":"https:\/\/www.caririemacao.com\/1\/wp-json\/wp\/v2\/media\/259526"}],"wp:attachment":[{"href":"https:\/\/www.caririemacao.com\/1\/wp-json\/wp\/v2\/media?parent=259525"}],"wp:term":[{"taxonomy":"category","embeddable":true,"href":"https:\/\/www.caririemacao.com\/1\/wp-json\/wp\/v2\/categories?post=259525"},{"taxonomy":"post_tag","embeddable":true,"href":"https:\/\/www.caririemacao.com\/1\/wp-json\/wp\/v2\/tags?post=259525"}],"curies":[{"name":"wp","href":"https:\/\/api.w.org\/{rel}","templated":true}]}}