{"id":25970,"date":"2017-08-12T02:47:03","date_gmt":"2017-08-12T05:47:03","guid":{"rendered":"http:\/\/caririemacao.com\/1\/?p=25970"},"modified":"2017-08-12T02:47:03","modified_gmt":"2017-08-12T05:47:03","slug":"zveiter-relator-da-ccj-e-que-votou-contra-temer-pede-desfiliacao-do-pmdb","status":"publish","type":"post","link":"https:\/\/www.caririemacao.com\/1\/2017\/08\/12\/zveiter-relator-da-ccj-e-que-votou-contra-temer-pede-desfiliacao-do-pmdb\/","title":{"rendered":"Zveiter, relator da CCJ e que votou contra Temer, pede desfilia\u00e7\u00e3o do PMDB"},"content":{"rendered":"<p>Relator do parecer que pedia a admissibilidade da den\u00fancia contra o presidente Michel Temer na CCJ (Comiss\u00e3o de Constitui\u00e7\u00e3o e Justi\u00e7a) da C\u00e2mara, o deputado S\u00e9rgio Zveiter (PMDB-RJ) apresentou nesta sexta (11) pedido de desfilia\u00e7\u00e3o do partido.<\/p>\n<p>Correligion\u00e1rio de Temer, ele e mais cinco parlamentares foram suspensos das atividades partid\u00e1rias por 60 dias pela c\u00fapula partid\u00e1ria nesta quinta (10), por votar a favor da pe\u00e7a do Minist\u00e9rio P\u00fablico Federal, que acusa o presidente de corrup\u00e7\u00e3o passiva.<\/p>\n<p>Em seu pedido de desfilia\u00e7\u00e3o, Zveiter afirma ter sofrido repres\u00e1lias ap\u00f3s a divulga\u00e7\u00e3o de sua posi\u00e7\u00e3o na comiss\u00e3o, em relat\u00f3rio que foi derrotado pelos governistas. O parlamentar criticou o fechamento de quest\u00e3o do partido a favor de Temer. \u201cCausa maior espanto o autoritarismo com que esse posicionamento foi adotado, essa postura abusiva, como se a C\u00e2mara e seus deputados estivessem subjugados a outro poder\u201d, afirma o texto.<\/p>\n<p>\u201cN\u00e3o vejo autoridade moral nem na executiva do partido nem no l\u00edder Baleia Rossi [SP] para aceitar puni\u00e7\u00e3o vinda deles\u201d, afirmou Zveiter em entrevista \u00e0 Folha. Antes da apresenta\u00e7\u00e3o de seu parecer, o deputado havia dito n\u00e3o temer retalia\u00e7\u00e3o do Planalto.<\/p>\n<p>Por n\u00e3o ter cargo partid\u00e1rio, a suspens\u00e3o das atividades no PMDB n\u00e3o afetou Zveiter imediatamente, mas o parlamentar ainda poderia ser suspenso das comiss\u00f5es das quais \u00e9 membro, como a CCJ e a Comiss\u00e3o de Ci\u00eancia e Tecnologia, em que \u00e9 suplente.<\/p>\n<p>Ele j\u00e1 havia sido retirado da vice-lideran\u00e7a do partido na C\u00e2mara e da coordena\u00e7\u00e3o da CCJ ap\u00f3s a apresenta\u00e7\u00e3o do parecer contr\u00e1rio ao presidente. \u201cN\u00e3o recebi com surpresa [a suspens\u00e3o], mas achei rid\u00edcula e covarde\u201d, disse.<\/p>\n<p><strong>CARIRI EM A\u00c7\u00c3O<\/strong><\/p>\n<p><em>Com Folha\/Foto: Google<\/em><\/p>\n<p><strong>Leia mais not\u00edcias em\u00a0<\/strong><a href=\"http:\/\/www.caririemacao.com\/\"><strong>caririemacao.com<\/strong><\/a><strong>, siga nossa p\u00e1gina no\u00a0<\/strong><a href=\"https:\/\/www.facebook.com\/CaririEmAcao\/?ref=aymt_homepage_panel\"><strong>Facebook<\/strong><\/a>,<strong>\u00a0<\/strong><a href=\"https:\/\/www.instagram.com\/cariri_em_acao\/?hl=pt-br\"><strong>Instagram<\/strong><\/a><strong>\u00a0e <\/strong><a href=\"https:\/\/www.youtube.com\/channel\/UCAptA0jQuYQy8vMhLt2m4qg\"><strong>Youtube<\/strong><\/a><strong>\u00a0e veja nossas mat\u00e9rias, v\u00eddeos e fotos. Voc\u00ea tamb\u00e9m pode enviar informa\u00e7\u00f5es \u00e0 Reda\u00e7\u00e3o do Portal Cariri em A\u00e7\u00e3o pelo WhatsApp (83) 9 9634.5791, (83) 9 9601-1162.<\/strong><\/p>\n","protected":false},"excerpt":{"rendered":"<p>Relator do parecer que pedia a admissibilidade da den\u00fancia contra o presidente Michel Temer na CCJ (Comiss\u00e3o de Constitui\u00e7\u00e3o e Justi\u00e7a) da C\u00e2mara, o deputado&hellip; <\/p>\n","protected":false},"author":2,"featured_media":25971,"comment_status":"closed","ping_status":"closed","sticky":false,"template":"","format":"standard","meta":{"sfsi_plus_gutenberg_text_before_share":"","sfsi_plus_gutenberg_show_text_before_share":"","sfsi_plus_gutenberg_icon_type":"","sfsi_plus_gutenberg_icon_alignemt":"","sfsi_plus_gutenburg_max_per_row":"","footnotes":""},"categories":[11],"tags":[],"class_list":["post-25970","post","type-post","status-publish","format-standard","has-post-thumbnail","hentry","category-politica"],"_links":{"self":[{"href":"https:\/\/www.caririemacao.com\/1\/wp-json\/wp\/v2\/posts\/25970","targetHints":{"allow":["GET"]}}],"collection":[{"href":"https:\/\/www.caririemacao.com\/1\/wp-json\/wp\/v2\/posts"}],"about":[{"href":"https:\/\/www.caririemacao.com\/1\/wp-json\/wp\/v2\/types\/post"}],"author":[{"embeddable":true,"href":"https:\/\/www.caririemacao.com\/1\/wp-json\/wp\/v2\/users\/2"}],"replies":[{"embeddable":true,"href":"https:\/\/www.caririemacao.com\/1\/wp-json\/wp\/v2\/comments?post=25970"}],"version-history":[{"count":0,"href":"https:\/\/www.caririemacao.com\/1\/wp-json\/wp\/v2\/posts\/25970\/revisions"}],"wp:featuredmedia":[{"embeddable":true,"href":"https:\/\/www.caririemacao.com\/1\/wp-json\/wp\/v2\/media\/25971"}],"wp:attachment":[{"href":"https:\/\/www.caririemacao.com\/1\/wp-json\/wp\/v2\/media?parent=25970"}],"wp:term":[{"taxonomy":"category","embeddable":true,"href":"https:\/\/www.caririemacao.com\/1\/wp-json\/wp\/v2\/categories?post=25970"},{"taxonomy":"post_tag","embeddable":true,"href":"https:\/\/www.caririemacao.com\/1\/wp-json\/wp\/v2\/tags?post=25970"}],"curies":[{"name":"wp","href":"https:\/\/api.w.org\/{rel}","templated":true}]}}