{"id":25976,"date":"2017-08-12T02:54:14","date_gmt":"2017-08-12T05:54:14","guid":{"rendered":"http:\/\/caririemacao.com\/1\/?p=25976"},"modified":"2017-08-12T02:54:14","modified_gmt":"2017-08-12T05:54:14","slug":"predio-da-maior-escola-de-serra-branca-podera-ser-cedido-a-prefeitura-quando-escola-tecnica-comecar-a-funcionar","status":"publish","type":"post","link":"https:\/\/www.caririemacao.com\/1\/2017\/08\/12\/predio-da-maior-escola-de-serra-branca-podera-ser-cedido-a-prefeitura-quando-escola-tecnica-comecar-a-funcionar\/","title":{"rendered":"Pr\u00e9dio da maior escola de Serra Branca poder\u00e1 ser cedido \u00e0 Prefeitura quando Escola T\u00e9cnica come\u00e7ar a funcionar"},"content":{"rendered":"<p>A informa\u00e7\u00e3o foi revelada em primeira m\u00e3o pelo jovem l\u00edder do PT de Serra Branca, Rafael Maracaj\u00e1, em entrevista nesta sexta-feira (11) \u00e0 Serra Branca FM. Segundo Rafael, os l\u00edderes do Partido dos Trabalhadores do munic\u00edpio, junto aos deputados Lu\u00eds Couto e Frei Anast\u00e1cio, fizeram expediente junto ao governador para ceder o pr\u00e9dio da Escola Senador Jos\u00e9 Gaud\u00eancio, quando o ensino m\u00e9dio passar a ser oferecido na Escola T\u00e9cnica Cidad\u00e3 que o Governo do Estado vai inaugurar em Serra Branca, para a educa\u00e7\u00e3o do munic\u00edpio.<\/p>\n<p>De acordo com o vice-presidente do PT, Rafael Maracaj\u00e1, a oposi\u00e7\u00e3o de Serra Branca entende que as diferen\u00e7as pol\u00edticas precisam ficar no palanque e no dia-a-dia o compromisso deve ser com o povo e, especialmente, com sua educa\u00e7\u00e3o. Por isso, n\u00e3o haveria sentido inaugurar uma Escola T\u00e9cnica ampla e sofisticada e manter o pr\u00e9dio inutilizado quando os estudantes para l\u00e1 forem aos poucos transferidos.<\/p>\n<p>Rafael defendeu ainda que a Prefeitura de Serra Branca destine a Escola Senador Jos\u00e9 Gaud\u00eancio para oferecer uma melhor infra-estrutura \u00e0 Escola C\u00f4nego Jo\u00e3o Marques e desta forma melhorar a qualidade do ambiente escolar no munic\u00edpio.<\/p>\n<p>\u201cA Prefeitura de Serra Branca poder\u00e1 ganhar um pr\u00e9dio grande e adequado para fazer funcionar a C\u00f4nego Jo\u00e3o Marques e com o atual pr\u00e9dio da escola municipal adequar at\u00e9 suas secretarias. A oposi\u00e7\u00e3o pensa grande e prioriza o munic\u00edpio em detrimento de disputas pequenas e mesquinhas que alguns querem fazer\u201d, disse Rafael.<\/p>\n<p><strong>CARIRI EM A\u00c7\u00c3O<\/strong><\/p>\n<p><em>Com De olho no Cariri\/Foto: Google<\/em><\/p>\n<p><strong>Leia mais not\u00edcias em\u00a0<\/strong><a href=\"http:\/\/www.caririemacao.com\/\"><strong>caririemacao.com<\/strong><\/a><strong>, siga nossa p\u00e1gina no\u00a0<\/strong><a href=\"https:\/\/www.facebook.com\/CaririEmAcao\/?ref=aymt_homepage_panel\"><strong>Facebook<\/strong><\/a>,<strong>\u00a0<\/strong><a href=\"https:\/\/www.instagram.com\/cariri_em_acao\/?hl=pt-br\"><strong>Instagram<\/strong><\/a><strong>\u00a0e <\/strong><a href=\"https:\/\/www.youtube.com\/channel\/UCAptA0jQuYQy8vMhLt2m4qg\"><strong>Youtube<\/strong><\/a><strong>\u00a0e veja nossas mat\u00e9rias, v\u00eddeos e fotos. Voc\u00ea tamb\u00e9m pode enviar informa\u00e7\u00f5es \u00e0 Reda\u00e7\u00e3o do Portal Cariri em A\u00e7\u00e3o pelo WhatsApp (83) 9 9634.5791, (83) 9 9601-1162.<\/strong><\/p>\n","protected":false},"excerpt":{"rendered":"<p>A informa\u00e7\u00e3o foi revelada em primeira m\u00e3o pelo jovem l\u00edder do PT de Serra Branca, Rafael Maracaj\u00e1, em entrevista nesta sexta-feira (11) \u00e0 Serra Branca&hellip; <\/p>\n","protected":false},"author":2,"featured_media":25977,"comment_status":"closed","ping_status":"closed","sticky":false,"template":"","format":"standard","meta":{"sfsi_plus_gutenberg_text_before_share":"","sfsi_plus_gutenberg_show_text_before_share":"","sfsi_plus_gutenberg_icon_type":"","sfsi_plus_gutenberg_icon_alignemt":"","sfsi_plus_gutenburg_max_per_row":"","footnotes":""},"categories":[2],"tags":[],"class_list":["post-25976","post","type-post","status-publish","format-standard","has-post-thumbnail","hentry","category-geral"],"_links":{"self":[{"href":"https:\/\/www.caririemacao.com\/1\/wp-json\/wp\/v2\/posts\/25976","targetHints":{"allow":["GET"]}}],"collection":[{"href":"https:\/\/www.caririemacao.com\/1\/wp-json\/wp\/v2\/posts"}],"about":[{"href":"https:\/\/www.caririemacao.com\/1\/wp-json\/wp\/v2\/types\/post"}],"author":[{"embeddable":true,"href":"https:\/\/www.caririemacao.com\/1\/wp-json\/wp\/v2\/users\/2"}],"replies":[{"embeddable":true,"href":"https:\/\/www.caririemacao.com\/1\/wp-json\/wp\/v2\/comments?post=25976"}],"version-history":[{"count":0,"href":"https:\/\/www.caririemacao.com\/1\/wp-json\/wp\/v2\/posts\/25976\/revisions"}],"wp:featuredmedia":[{"embeddable":true,"href":"https:\/\/www.caririemacao.com\/1\/wp-json\/wp\/v2\/media\/25977"}],"wp:attachment":[{"href":"https:\/\/www.caririemacao.com\/1\/wp-json\/wp\/v2\/media?parent=25976"}],"wp:term":[{"taxonomy":"category","embeddable":true,"href":"https:\/\/www.caririemacao.com\/1\/wp-json\/wp\/v2\/categories?post=25976"},{"taxonomy":"post_tag","embeddable":true,"href":"https:\/\/www.caririemacao.com\/1\/wp-json\/wp\/v2\/tags?post=25976"}],"curies":[{"name":"wp","href":"https:\/\/api.w.org\/{rel}","templated":true}]}}