{"id":25979,"date":"2017-08-12T02:57:21","date_gmt":"2017-08-12T05:57:21","guid":{"rendered":"http:\/\/caririemacao.com\/1\/?p=25979"},"modified":"2017-08-12T02:57:21","modified_gmt":"2017-08-12T05:57:21","slug":"luto-vitima-de-cancer-lutador-alexandre-carmelio-morre-em-sao-paulo","status":"publish","type":"post","link":"https:\/\/www.caririemacao.com\/1\/2017\/08\/12\/luto-vitima-de-cancer-lutador-alexandre-carmelio-morre-em-sao-paulo\/","title":{"rendered":"Luto: v\u00edtima de c\u00e2ncer, lutador Alexandre Carm\u00e9lio morre em S\u00e3o Paulo"},"content":{"rendered":"<div class=\"mc-column mc-show-later\">\n<div class=\"content-publication-data\">\n<p class=\"content-publication-data__updated\">Chegou ao fim no come\u00e7o da noite desta sexta-feira a batalha do lutador de jiu-jitsu paraibano Alexandre Carm\u00e9lio contra o linfoma, um tipo de c\u00e2ncer que tem origem no sistema linf\u00e1tico. Alexandre vinha fazendo tratamento em S\u00e3o Paulo, mas acabou n\u00e3o resistindo aos sintomas da doen\u00e7a e morreu no come\u00e7o da noite. O atleta paraibano travava a principal batalha da sua vida, contra a doen\u00e7a, h\u00e1 cerca de um ano.<\/p>\n<div class=\"mc-column content-text active-extra-styles \" data-block-type=\"unstyled\" data-block-weight=\"73\">\n<p class=\"content-text__container \" data-track-category=\"Link no Texto\" data-track-links=\"\">O lutador tinha 33 anos e vinha ganhando destaque nas competi\u00e7\u00f5es de jiu-jitsu disputadas em Jo\u00e3o Pessoa. Atualmente, Alexandre Carm\u00e9lio era faixa roxa na chamada &#8220;arte suave&#8221; e j\u00e1 acumulava resultados positivos nas lutas que participou. Ele tamb\u00e9m era praticante do jud\u00f4 e j\u00e1 tinha conseguido a faixa preta na modalidade. Recentemente, colegas de treinamento de Alexandre chegaram a promover uma campanha para arrecadar e recursos e ajudar no custeio do tratamento dele.<\/p>\n<\/div>\n<div class=\"mc-column content-text active-extra-styles \" data-block-type=\"unstyled\" data-block-weight=\"44\">\n<p class=\"content-text__container \" data-track-category=\"Link no Texto\" data-track-links=\"\">Como a morte do lutador aconteceu em S\u00e3o Paulo, onde ele estava internado lutando contra o c\u00e2ncer, a fam\u00edlia ainda n\u00e3o confirmou quando o corpo chega a Jo\u00e3o Pessoa e nem tamb\u00e9m quando e onde ser\u00e3o realizados o vel\u00f3rio e o sepultamento do atleta.<\/p>\n<p><strong>CARIRI EM A\u00c7\u00c3O<\/strong><\/p>\n<p><em>Com G1 \/Foto: Google<\/em><\/p>\n<p><strong>Leia mais not\u00edcias em\u00a0<\/strong><a href=\"http:\/\/www.caririemacao.com\/\"><strong>caririemacao.com<\/strong><\/a><strong>, siga nossa p\u00e1gina no\u00a0<\/strong><a href=\"https:\/\/www.facebook.com\/CaririEmAcao\/?ref=aymt_homepage_panel\"><strong>Facebook<\/strong><\/a>,<strong>\u00a0<\/strong><a href=\"https:\/\/www.instagram.com\/cariri_em_acao\/?hl=pt-br\"><strong>Instagram<\/strong><\/a><strong>\u00a0e <\/strong><a href=\"https:\/\/www.youtube.com\/channel\/UCAptA0jQuYQy8vMhLt2m4qg\"><strong>Youtube<\/strong><\/a><strong>\u00a0e veja nossas mat\u00e9rias, v\u00eddeos e fotos. Voc\u00ea tamb\u00e9m pode enviar informa\u00e7\u00f5es \u00e0 Reda\u00e7\u00e3o do Portal Cariri em A\u00e7\u00e3o pelo WhatsApp (83) 9 9634.5791, (83) 9 9601-1162.<\/strong><\/p>\n<\/div>\n<\/div>\n<\/div>\n","protected":false},"excerpt":{"rendered":"<p>Chegou ao fim no come\u00e7o da noite desta sexta-feira a batalha do lutador de jiu-jitsu paraibano Alexandre Carm\u00e9lio contra o linfoma, um tipo de c\u00e2ncer&hellip; <\/p>\n","protected":false},"author":2,"featured_media":25980,"comment_status":"closed","ping_status":"closed","sticky":false,"template":"","format":"standard","meta":{"sfsi_plus_gutenberg_text_before_share":"","sfsi_plus_gutenberg_show_text_before_share":"","sfsi_plus_gutenberg_icon_type":"","sfsi_plus_gutenberg_icon_alignemt":"","sfsi_plus_gutenburg_max_per_row":"","footnotes":""},"categories":[13],"tags":[],"class_list":["post-25979","post","type-post","status-publish","format-standard","has-post-thumbnail","hentry","category-esportes"],"_links":{"self":[{"href":"https:\/\/www.caririemacao.com\/1\/wp-json\/wp\/v2\/posts\/25979","targetHints":{"allow":["GET"]}}],"collection":[{"href":"https:\/\/www.caririemacao.com\/1\/wp-json\/wp\/v2\/posts"}],"about":[{"href":"https:\/\/www.caririemacao.com\/1\/wp-json\/wp\/v2\/types\/post"}],"author":[{"embeddable":true,"href":"https:\/\/www.caririemacao.com\/1\/wp-json\/wp\/v2\/users\/2"}],"replies":[{"embeddable":true,"href":"https:\/\/www.caririemacao.com\/1\/wp-json\/wp\/v2\/comments?post=25979"}],"version-history":[{"count":0,"href":"https:\/\/www.caririemacao.com\/1\/wp-json\/wp\/v2\/posts\/25979\/revisions"}],"wp:featuredmedia":[{"embeddable":true,"href":"https:\/\/www.caririemacao.com\/1\/wp-json\/wp\/v2\/media\/25980"}],"wp:attachment":[{"href":"https:\/\/www.caririemacao.com\/1\/wp-json\/wp\/v2\/media?parent=25979"}],"wp:term":[{"taxonomy":"category","embeddable":true,"href":"https:\/\/www.caririemacao.com\/1\/wp-json\/wp\/v2\/categories?post=25979"},{"taxonomy":"post_tag","embeddable":true,"href":"https:\/\/www.caririemacao.com\/1\/wp-json\/wp\/v2\/tags?post=25979"}],"curies":[{"name":"wp","href":"https:\/\/api.w.org\/{rel}","templated":true}]}}