{"id":25987,"date":"2017-08-12T03:08:06","date_gmt":"2017-08-12T06:08:06","guid":{"rendered":"http:\/\/caririemacao.com\/1\/?p=25987"},"modified":"2017-08-12T03:08:06","modified_gmt":"2017-08-12T06:08:06","slug":"alckmin-questiona-o-novo-e-defende-a-experiencia-para-a-eleicao-de-2018","status":"publish","type":"post","link":"https:\/\/www.caririemacao.com\/1\/2017\/08\/12\/alckmin-questiona-o-novo-e-defende-a-experiencia-para-a-eleicao-de-2018\/","title":{"rendered":"Alckmin questiona o &#8216;novo&#8217; e defende a experi\u00eancia para a elei\u00e7\u00e3o de 2018"},"content":{"rendered":"<article id=\"news\" class=\"news\">\n<div class=\"content\">\n<p>O governador de S\u00e3o Paulo, Geraldo Alckmin, questionou nesta sexta-feira (11) o que seria o &#8220;novo&#8221; na elei\u00e7\u00e3o, em refer\u00eancia a candidatos que se dizem descolados da pol\u00edtica tradicional, e defendeu a import\u00e2ncia da experi\u00eancia para as elei\u00e7\u00f5es de 2018.<\/p>\n<p>&#8220;O que \u00e9 o novo? O novo \u00e9 em rela\u00e7\u00e3o \u00e0 idade? Ter 30, 50, 70? \u00c9 n\u00e3o ter sido candidato, j\u00e1 ter sido candidato? Eu acho que o novo \u00e9 defender o interesse coletivo. O Brasil foi dominado pelas corpora\u00e7\u00f5es, no setor p\u00fablico e no privado tamb\u00e9m&#8221;, disse o governador paulista durante palestra em Porto Alegre para pol\u00edticos e empres\u00e1rios.<\/p>\n<p>&#8220;Eu avalio que a elei\u00e7\u00e3o de 2018 vai ser a elei\u00e7\u00e3o da experi\u00eancia. Experi\u00eancia inclusive do povo brasileiro, com o sofrimento ocasionado pelos 13 milh\u00f5es de desempregados, fruto de um populismo destrutivo e de inexperi\u00eancia arrogante&#8221;, afirmou o governador paulista na sa\u00edda do evento.<\/p>\n<p>O prefeito de S\u00e3o Paulo,\u00a0Jo\u00e3o Doria, seria um dos principais representantes do &#8220;novo&#8221; na pol\u00edtica. Eleito com apoio de Alckmin em 2016, disse durante a campanha municipal que era um gestor, n\u00e3o um pol\u00edtico.<\/p>\n<p>Os dois aliados s\u00e3o os principais nomes do PSDB na disputa pela candidatura \u00e0 Presid\u00eancia, em 2018.<\/p>\n<p>Apesar de dizer diversas vezes que n\u00e3o trairia o padrinho pol\u00edtico,\u00a0Doria vem sendo cortejado\u00a0por outros partidos, como o PMDB e o DEM.<\/p>\n<p>A\u00a0\u00faltima pesquisa do Datafolha, divulgada no dia 26 de junho, mostra Alckmin com 8% das inten\u00e7\u00f5es de voto, em um cen\u00e1rio que inclui Lula, Jair Bolsonaro, Marina Silva e Ciro Gomes. Na mesma simula\u00e7\u00e3o, Doria aparece com 10%.<\/p>\n<p>Perguntado sobre a import\u00e2ncia destes n\u00fameros na escolha do candidato do partido, Alckmin afirmou que a pesquisa retrata o que ocorreu na \u00faltima elei\u00e7\u00e3o, e que a campanha de 2018 s\u00f3 come\u00e7a &#8220;quando muda o hor\u00e1rio da novela&#8221;, em uma refer\u00eancia ao in\u00edcio da propaganda eleitoral.<\/p>\n<p><b>REFORMAS<\/b><\/p>\n<p>O tucano reiterou ainda o apoio \u00e0 reforma da Previd\u00eancia, mas defendeu um regime \u00fanico para os trabalhadores do setor p\u00fablico e da iniciativa privada: &#8220;Um regime s\u00f3 de Previd\u00eancia, onde o teto seja o teto do INSS, e acima disso seja Previd\u00eancia complementar.&#8221;<\/p>\n<p>Em rela\u00e7\u00e3o \u00e0\u00a0reforma pol\u00edtica, Alckmin disse que \u00e9 preciso reduzir os custos com os programas de televis\u00e3o, que na sua opini\u00e3o deveriam contar apenas com grava\u00e7\u00f5es em est\u00fadio: &#8220;Cena de est\u00fadio, menos marquetagem, campanha mais verdadeira. Hoje voc\u00ea disputa com o marqueteiro do advers\u00e1rio.&#8221;<\/p>\n<p>O governador de S\u00e3o Paulo esteve em Porto Alegre a convite da revista &#8220;Voto&#8221; para participar do evento Brasil de Ideias. Ele falou para um p\u00fablico de 130 convidados.<\/p>\n<\/div>\n<aside><\/aside>\n<\/article>\n<div class=\"clearfix\">\n<p><strong>CARIRI EM A\u00c7\u00c3O<\/strong><\/p>\n<p><em>Com Folha de S\u00e3o Paulo\/Foto: Google<\/em><\/p>\n<p><strong>Leia mais not\u00edcias em\u00a0<\/strong><a href=\"http:\/\/www.caririemacao.com\/\"><strong>caririemacao.com<\/strong><\/a><strong>, siga nossa p\u00e1gina no\u00a0<\/strong><a href=\"https:\/\/www.facebook.com\/CaririEmAcao\/?ref=aymt_homepage_panel\"><strong>Facebook<\/strong><\/a>,<strong>\u00a0<\/strong><a href=\"https:\/\/www.instagram.com\/cariri_em_acao\/?hl=pt-br\"><strong>Instagram<\/strong><\/a><strong>\u00a0e <\/strong><a href=\"https:\/\/www.youtube.com\/channel\/UCAptA0jQuYQy8vMhLt2m4qg\"><strong>Youtube<\/strong><\/a><strong>\u00a0e veja nossas mat\u00e9rias, v\u00eddeos e fotos. Voc\u00ea tamb\u00e9m pode enviar informa\u00e7\u00f5es \u00e0 Reda\u00e7\u00e3o do Portal Cariri em A\u00e7\u00e3o pelo WhatsApp (83) 9 9634.5791, (83) 9 9601-1162.<\/strong><\/p>\n<\/div>\n","protected":false},"excerpt":{"rendered":"<p>O governador de S\u00e3o Paulo, Geraldo Alckmin, questionou nesta sexta-feira (11) o que seria o &#8220;novo&#8221; na elei\u00e7\u00e3o, em refer\u00eancia a candidatos que se dizem&hellip; <\/p>\n","protected":false},"author":2,"featured_media":25988,"comment_status":"closed","ping_status":"closed","sticky":false,"template":"","format":"standard","meta":{"sfsi_plus_gutenberg_text_before_share":"","sfsi_plus_gutenberg_show_text_before_share":"","sfsi_plus_gutenberg_icon_type":"","sfsi_plus_gutenberg_icon_alignemt":"","sfsi_plus_gutenburg_max_per_row":"","footnotes":""},"categories":[2],"tags":[],"class_list":["post-25987","post","type-post","status-publish","format-standard","has-post-thumbnail","hentry","category-geral"],"_links":{"self":[{"href":"https:\/\/www.caririemacao.com\/1\/wp-json\/wp\/v2\/posts\/25987","targetHints":{"allow":["GET"]}}],"collection":[{"href":"https:\/\/www.caririemacao.com\/1\/wp-json\/wp\/v2\/posts"}],"about":[{"href":"https:\/\/www.caririemacao.com\/1\/wp-json\/wp\/v2\/types\/post"}],"author":[{"embeddable":true,"href":"https:\/\/www.caririemacao.com\/1\/wp-json\/wp\/v2\/users\/2"}],"replies":[{"embeddable":true,"href":"https:\/\/www.caririemacao.com\/1\/wp-json\/wp\/v2\/comments?post=25987"}],"version-history":[{"count":0,"href":"https:\/\/www.caririemacao.com\/1\/wp-json\/wp\/v2\/posts\/25987\/revisions"}],"wp:featuredmedia":[{"embeddable":true,"href":"https:\/\/www.caririemacao.com\/1\/wp-json\/wp\/v2\/media\/25988"}],"wp:attachment":[{"href":"https:\/\/www.caririemacao.com\/1\/wp-json\/wp\/v2\/media?parent=25987"}],"wp:term":[{"taxonomy":"category","embeddable":true,"href":"https:\/\/www.caririemacao.com\/1\/wp-json\/wp\/v2\/categories?post=25987"},{"taxonomy":"post_tag","embeddable":true,"href":"https:\/\/www.caririemacao.com\/1\/wp-json\/wp\/v2\/tags?post=25987"}],"curies":[{"name":"wp","href":"https:\/\/api.w.org\/{rel}","templated":true}]}}