{"id":25998,"date":"2017-08-12T12:44:15","date_gmt":"2017-08-12T15:44:15","guid":{"rendered":"http:\/\/caririemacao.com\/1\/?p=25998"},"modified":"2017-08-12T14:24:28","modified_gmt":"2017-08-12T17:24:28","slug":"secretaria-de-educacao-comemora-dia-dos-pais","status":"publish","type":"post","link":"https:\/\/www.caririemacao.com\/1\/2017\/08\/12\/secretaria-de-educacao-comemora-dia-dos-pais\/","title":{"rendered":"Educa\u00e7\u00e3o de Amparo comemora dia dos pais"},"content":{"rendered":"<div>Dando in\u00edcio \u00e0s comemora\u00e7\u00f5es alusivas ao dia dos Pais, a Secretaria Municipal de Educa\u00e7\u00e3o e a Prefeitura Municipal de Amparo, estiveram realizando na manh\u00e3 desta sexta-feira (11), um grandioso almo\u00e7o para os pais dos alunos da rede municipal de ensino matriculados na Escola Municipal Juvenal Ferreira de Brito, localizada na comunidade rural de Lagoa do Meio.<\/div>\n<div>O evento contou com a presen\u00e7a de toda equipe da secretaria municipal de educa\u00e7\u00e3o, membro e s do corpo administrativo da referida escola, funcion\u00e1rios, bem como do prefeito In\u00e1cio N\u00f3brega acompanhado da primeira dama Cleide N\u00f3brega, do vice prefeito Fl\u00e1vio Messias e demais assessores da gest\u00e3o Inovando Para Crescer.<\/div>\n<div>O prefeito \u00a0In\u00e1cio N\u00f3brega juntamente com o vice prefeito Fl\u00e1vio Messias, enalteceram o empenho e dedica\u00e7\u00e3o de todos que fazem \u00a0a secretaria municipal de educa\u00e7\u00e3o e o corpo gestor da escola, na realiza\u00e7\u00e3o do evento. In\u00e1cio falou da import\u00e2ncia de um momento t\u00e3o grandioso como foi a confraterniza\u00e7\u00e3o &#8211; \u201cN\u00f3s como pais somos o alicerce que fortalece a caminhada dos nossos filhos, somos o espelho e o exemplo a ser seguido por eles, portanto, \u00e9 preciso que participemos ativamente do processo educativo deles, e, este momento o qual nos confraternizamos serve exatamente para nos aproximarmos quanto gest\u00e3o e fam\u00edlia para buscarmos uma qualidade de vida melhor para todos\u201c disse o prefeito.<\/div>\n<div>A anima\u00e7\u00e3o do almo\u00e7o comemorativo, ficou por conta do melhor da m\u00fasica amparense ao som de Flavinho e Charles que deram um toque musical de bom gosto ao evento.<\/div>\n<div>\n<p><strong>CARIRI EM A\u00c7\u00c3O<\/strong><\/p>\n<p>Com Ascom \/Foto:Reprodu\u00e7\u00e3o<\/p>\n<p><strong>Leia mais not\u00edcias em\u00a0<\/strong><a href=\"http:\/\/www.caririemacao.com\/\"><strong>caririemacao.com<\/strong><\/a><strong>, siga nossa p\u00e1gina no\u00a0<\/strong><a href=\"https:\/\/www.facebook.com\/CaririEmAcao\/?ref=aymt_homepage_panel\"><strong>Facebook<\/strong><\/a>,<strong>\u00a0<\/strong><a href=\"https:\/\/www.instagram.com\/cariri_em_acao\/?hl=pt-br\"><strong>Instagram<\/strong><\/a><strong>\u00a0e <\/strong><a href=\"https:\/\/www.youtube.com\/channel\/UCAptA0jQuYQy8vMhLt2m4qg\"><strong>Youtube<\/strong><\/a><strong>\u00a0e veja nossas mat\u00e9rias, v\u00eddeos e fotos. Voc\u00ea tamb\u00e9m pode enviar informa\u00e7\u00f5es \u00e0 Reda\u00e7\u00e3o do Portal Cariri em A\u00e7\u00e3o pelo WhatsApp (83) 9 9634.5791, (83) 9 9601-1162.<\/strong><\/p>\n<\/div>\n","protected":false},"excerpt":{"rendered":"<p>Dando in\u00edcio \u00e0s comemora\u00e7\u00f5es alusivas ao dia dos Pais, a Secretaria Municipal de Educa\u00e7\u00e3o e a Prefeitura Municipal de Amparo, estiveram realizando na manh\u00e3 desta&hellip; <\/p>\n","protected":false},"author":2,"featured_media":26000,"comment_status":"closed","ping_status":"closed","sticky":false,"template":"","format":"standard","meta":{"sfsi_plus_gutenberg_text_before_share":"","sfsi_plus_gutenberg_show_text_before_share":"","sfsi_plus_gutenberg_icon_type":"","sfsi_plus_gutenberg_icon_alignemt":"","sfsi_plus_gutenburg_max_per_row":"","footnotes":""},"categories":[2],"tags":[],"class_list":["post-25998","post","type-post","status-publish","format-standard","has-post-thumbnail","hentry","category-geral"],"_links":{"self":[{"href":"https:\/\/www.caririemacao.com\/1\/wp-json\/wp\/v2\/posts\/25998","targetHints":{"allow":["GET"]}}],"collection":[{"href":"https:\/\/www.caririemacao.com\/1\/wp-json\/wp\/v2\/posts"}],"about":[{"href":"https:\/\/www.caririemacao.com\/1\/wp-json\/wp\/v2\/types\/post"}],"author":[{"embeddable":true,"href":"https:\/\/www.caririemacao.com\/1\/wp-json\/wp\/v2\/users\/2"}],"replies":[{"embeddable":true,"href":"https:\/\/www.caririemacao.com\/1\/wp-json\/wp\/v2\/comments?post=25998"}],"version-history":[{"count":0,"href":"https:\/\/www.caririemacao.com\/1\/wp-json\/wp\/v2\/posts\/25998\/revisions"}],"wp:featuredmedia":[{"embeddable":true,"href":"https:\/\/www.caririemacao.com\/1\/wp-json\/wp\/v2\/media\/26000"}],"wp:attachment":[{"href":"https:\/\/www.caririemacao.com\/1\/wp-json\/wp\/v2\/media?parent=25998"}],"wp:term":[{"taxonomy":"category","embeddable":true,"href":"https:\/\/www.caririemacao.com\/1\/wp-json\/wp\/v2\/categories?post=25998"},{"taxonomy":"post_tag","embeddable":true,"href":"https:\/\/www.caririemacao.com\/1\/wp-json\/wp\/v2\/tags?post=25998"}],"curies":[{"name":"wp","href":"https:\/\/api.w.org\/{rel}","templated":true}]}}