{"id":26003,"date":"2017-08-12T17:09:55","date_gmt":"2017-08-12T20:09:55","guid":{"rendered":"http:\/\/caririemacao.com\/1\/?p=26003"},"modified":"2017-08-12T17:10:50","modified_gmt":"2017-08-12T20:10:50","slug":"secretaria-de-educacao-de-camalau-promove-comemoracao-do-dia-dos-pais","status":"publish","type":"post","link":"https:\/\/www.caririemacao.com\/1\/2017\/08\/12\/secretaria-de-educacao-de-camalau-promove-comemoracao-do-dia-dos-pais\/","title":{"rendered":"Secretaria de Educa\u00e7\u00e3o de Camala\u00fa promove comemora\u00e7\u00e3o do Dia dos Pais"},"content":{"rendered":"<p>A Educa\u00e7\u00e3o Infantil de Camala\u00fa promoveu nesta sexta-feira, dia 11 de agosto, a comemora\u00e7\u00e3o alusiva ao Dia dos Pais.<\/p>\n<p>Uma comemora\u00e7\u00e3o muito bem planejada e bonita. Os pais se fizeram presentes e despertaram o sorriso no rosto das crian\u00e7as, que ao verem o pai ali presente demonstravam uma satisfa\u00e7\u00e3o latente.<\/p>\n<p><a href=\"http:\/\/caririemacao.com\/1\/wp-content\/uploads\/2017\/08\/20708169_893883707428293_8683453651668890948_n-225x300.jpg\"><img fetchpriority=\"high\" decoding=\"async\" class=\"size-medium wp-image-26016 aligncenter\" src=\"http:\/\/caririemacao.com\/1\/wp-content\/uploads\/2017\/08\/20708169_893883707428293_8683453651668890948_n-225x300-225x300.jpg\" alt=\"\" width=\"225\" height=\"300\" \/><\/a><\/p>\n<p>Aconteceu algumas atividades de intera\u00e7\u00e3o entre os pais e os filhos, o que gerou muitas risadas e emo\u00e7\u00f5es.<\/p>\n<p><a href=\"http:\/\/caririemacao.com\/1\/wp-content\/uploads\/2017\/08\/20727893_869637946532275_6160676483770362941_n-300x169.jpg\"><img decoding=\"async\" class=\"size-medium wp-image-26015 aligncenter lazyload\" data-src=\"http:\/\/caririemacao.com\/1\/wp-content\/uploads\/2017\/08\/20727893_869637946532275_6160676483770362941_n-300x169-300x169.jpg\" alt=\"\" width=\"300\" height=\"169\" src=\"data:image\/svg+xml;base64,PHN2ZyB3aWR0aD0iMSIgaGVpZ2h0PSIxIiB4bWxucz0iaHR0cDovL3d3dy53My5vcmcvMjAwMC9zdmciPjwvc3ZnPg==\" style=\"--smush-placeholder-width: 300px; --smush-placeholder-aspect-ratio: 300\/169;\" \/><\/a>Logo ap\u00f3s as atividades, foi servido um lanche para os pais e para as crian\u00e7as<\/p>\n<p><strong>CARIRI EM A\u00c7\u00c3O<\/strong><\/p>\n<p>Com Camala\u00fa Not\u00edcias<\/p>\n<p>Leia mais not\u00edcias em\u00a0<a href=\"http:\/\/www.caririemacao.com\/\">caririemacao.com<\/a>, siga nossa p\u00e1gina no\u00a0<a href=\"https:\/\/www.facebook.com\/CaririEmAcao\/?ref=aymt_homepage_panel\">Facebook<\/a>,\u00a0<a href=\"https:\/\/www.instagram.com\/cariri_em_acao\/?hl=pt-br\">Instagram<\/a>\u00a0e <a href=\"https:\/\/www.youtube.com\/channel\/UCAptA0jQuYQy8vMhLt2m4qg\">Youtube<\/a>\u00a0e veja nossas mat\u00e9rias, v\u00eddeos e fotos. Voc\u00ea tamb\u00e9m pode enviar informa\u00e7\u00f5es \u00e0 Reda\u00e7\u00e3o do Portal Cariri em A\u00e7\u00e3o pelo WhatsApp (83) 9 9634.5791, (83) 9 9601-1162.<\/p>\n","protected":false},"excerpt":{"rendered":"<p>A Educa\u00e7\u00e3o Infantil de Camala\u00fa promoveu nesta sexta-feira, dia 11 de agosto, a comemora\u00e7\u00e3o alusiva ao Dia dos Pais. Uma comemora\u00e7\u00e3o muito bem planejada e&hellip; <\/p>\n","protected":false},"author":2,"featured_media":26013,"comment_status":"closed","ping_status":"closed","sticky":false,"template":"","format":"standard","meta":{"sfsi_plus_gutenberg_text_before_share":"","sfsi_plus_gutenberg_show_text_before_share":"","sfsi_plus_gutenberg_icon_type":"","sfsi_plus_gutenberg_icon_alignemt":"","sfsi_plus_gutenburg_max_per_row":"","footnotes":""},"categories":[6],"tags":[],"class_list":["post-26003","post","type-post","status-publish","format-standard","has-post-thumbnail","hentry","category-cidades"],"_links":{"self":[{"href":"https:\/\/www.caririemacao.com\/1\/wp-json\/wp\/v2\/posts\/26003","targetHints":{"allow":["GET"]}}],"collection":[{"href":"https:\/\/www.caririemacao.com\/1\/wp-json\/wp\/v2\/posts"}],"about":[{"href":"https:\/\/www.caririemacao.com\/1\/wp-json\/wp\/v2\/types\/post"}],"author":[{"embeddable":true,"href":"https:\/\/www.caririemacao.com\/1\/wp-json\/wp\/v2\/users\/2"}],"replies":[{"embeddable":true,"href":"https:\/\/www.caririemacao.com\/1\/wp-json\/wp\/v2\/comments?post=26003"}],"version-history":[{"count":0,"href":"https:\/\/www.caririemacao.com\/1\/wp-json\/wp\/v2\/posts\/26003\/revisions"}],"wp:featuredmedia":[{"embeddable":true,"href":"https:\/\/www.caririemacao.com\/1\/wp-json\/wp\/v2\/media\/26013"}],"wp:attachment":[{"href":"https:\/\/www.caririemacao.com\/1\/wp-json\/wp\/v2\/media?parent=26003"}],"wp:term":[{"taxonomy":"category","embeddable":true,"href":"https:\/\/www.caririemacao.com\/1\/wp-json\/wp\/v2\/categories?post=26003"},{"taxonomy":"post_tag","embeddable":true,"href":"https:\/\/www.caririemacao.com\/1\/wp-json\/wp\/v2\/tags?post=26003"}],"curies":[{"name":"wp","href":"https:\/\/api.w.org\/{rel}","templated":true}]}}