{"id":26011,"date":"2017-08-12T16:42:39","date_gmt":"2017-08-12T19:42:39","guid":{"rendered":"http:\/\/caririemacao.com\/1\/?p=26011"},"modified":"2017-08-12T16:42:39","modified_gmt":"2017-08-12T19:42:39","slug":"1a-novena-da-festa-de-sebastiao-2018-e-realizada-em-sao-sebastiao-do-umbuzeiro","status":"publish","type":"post","link":"https:\/\/www.caririemacao.com\/1\/2017\/08\/12\/1a-novena-da-festa-de-sebastiao-2018-e-realizada-em-sao-sebastiao-do-umbuzeiro\/","title":{"rendered":"1\u00aa Novena da Festa de Sebasti\u00e3o 2018 \u00e9 realizada em S\u00e3o Sebasti\u00e3o do Umbuzeiro"},"content":{"rendered":"<p>Foi realizada na noite desta sexta-feira (11), em S\u00e3o Sebasti\u00e3o do Umbuzeiro, a primeira novena da 106\u00aa Festa do Padroeiro S\u00e3o Sebasti\u00e3o que ser\u00e1 realizada de 10 \u00e1 20 de janeiro de 2018, o evento foi realizado na Igreja Matriz sob a organiza\u00e7\u00e3o da equipe de Liturgia.<\/p>\n<p>A presid\u00eancia da Festa 2018,\u00a0Riso, Paulo Feitosa, Zez\u00e9, Sandra Rosania e F\u00e1tima Feitosa, agradecem \u00a0a participa\u00e7\u00e3o de todos para a realiza\u00e7\u00e3o desses grandes momentos de F\u00e9 em Deus e devo\u00e7\u00e3o ao marte S\u00e3o Sebasti\u00e3o, e aqueles que ajudaram diretamente ou indiretamente para a realiza\u00e7\u00e3o da Novena.<\/p>\n<p><strong>CARIRI EM A\u00c7\u00c3O<\/strong><\/p>\n<p>Com Blog Didi<\/p>\n<p>Leia mais not\u00edcias em\u00a0<a href=\"http:\/\/www.caririemacao.com\/\">caririemacao.com<\/a>, siga nossa p\u00e1gina no\u00a0<a href=\"https:\/\/www.facebook.com\/CaririEmAcao\/?ref=aymt_homepage_panel\">Facebook<\/a>,\u00a0<a href=\"https:\/\/www.instagram.com\/cariri_em_acao\/?hl=pt-br\">Instagram<\/a>\u00a0e <a href=\"https:\/\/www.youtube.com\/channel\/UCAptA0jQuYQy8vMhLt2m4qg\">Youtube<\/a>\u00a0e veja nossas mat\u00e9rias, v\u00eddeos e fotos. Voc\u00ea tamb\u00e9m pode enviar informa\u00e7\u00f5es \u00e0 Reda\u00e7\u00e3o do Portal Cariri em A\u00e7\u00e3o pelo WhatsApp (83) 9 9634.5791, (83) 9 9601-1162.<\/p>\n","protected":false},"excerpt":{"rendered":"<p>Foi realizada na noite desta sexta-feira (11), em S\u00e3o Sebasti\u00e3o do Umbuzeiro, a primeira novena da 106\u00aa Festa do Padroeiro S\u00e3o Sebasti\u00e3o que ser\u00e1 realizada&hellip; <\/p>\n","protected":false},"author":2,"featured_media":26007,"comment_status":"closed","ping_status":"closed","sticky":false,"template":"","format":"standard","meta":{"sfsi_plus_gutenberg_text_before_share":"","sfsi_plus_gutenberg_show_text_before_share":"","sfsi_plus_gutenberg_icon_type":"","sfsi_plus_gutenberg_icon_alignemt":"","sfsi_plus_gutenburg_max_per_row":"","footnotes":""},"categories":[2],"tags":[],"class_list":["post-26011","post","type-post","status-publish","format-standard","has-post-thumbnail","hentry","category-geral"],"_links":{"self":[{"href":"https:\/\/www.caririemacao.com\/1\/wp-json\/wp\/v2\/posts\/26011","targetHints":{"allow":["GET"]}}],"collection":[{"href":"https:\/\/www.caririemacao.com\/1\/wp-json\/wp\/v2\/posts"}],"about":[{"href":"https:\/\/www.caririemacao.com\/1\/wp-json\/wp\/v2\/types\/post"}],"author":[{"embeddable":true,"href":"https:\/\/www.caririemacao.com\/1\/wp-json\/wp\/v2\/users\/2"}],"replies":[{"embeddable":true,"href":"https:\/\/www.caririemacao.com\/1\/wp-json\/wp\/v2\/comments?post=26011"}],"version-history":[{"count":0,"href":"https:\/\/www.caririemacao.com\/1\/wp-json\/wp\/v2\/posts\/26011\/revisions"}],"wp:featuredmedia":[{"embeddable":true,"href":"https:\/\/www.caririemacao.com\/1\/wp-json\/wp\/v2\/media\/26007"}],"wp:attachment":[{"href":"https:\/\/www.caririemacao.com\/1\/wp-json\/wp\/v2\/media?parent=26011"}],"wp:term":[{"taxonomy":"category","embeddable":true,"href":"https:\/\/www.caririemacao.com\/1\/wp-json\/wp\/v2\/categories?post=26011"},{"taxonomy":"post_tag","embeddable":true,"href":"https:\/\/www.caririemacao.com\/1\/wp-json\/wp\/v2\/tags?post=26011"}],"curies":[{"name":"wp","href":"https:\/\/api.w.org\/{rel}","templated":true}]}}