{"id":26020,"date":"2017-08-13T13:07:36","date_gmt":"2017-08-13T16:07:36","guid":{"rendered":"http:\/\/caririemacao.com\/1\/?p=26020"},"modified":"2017-08-13T13:07:36","modified_gmt":"2017-08-13T16:07:36","slug":"apos-reuniao-sobre-reforma-politica-temer-diz-que-nao-discute-o-tema","status":"publish","type":"post","link":"https:\/\/www.caririemacao.com\/1\/2017\/08\/13\/apos-reuniao-sobre-reforma-politica-temer-diz-que-nao-discute-o-tema\/","title":{"rendered":"Ap\u00f3s reuni\u00e3o sobre reforma pol\u00edtica, Temer diz que n\u00e3o discute o tema"},"content":{"rendered":"<p>Uma semana ap\u00f3s se reunir com o ministro do Supremo Tribunal Federal (STF) e presidente do Tribunal Superior Eleitoral (TSE), Gilmar Mendes, para discutir reforma pol\u00edtica, o presidente Michel Temer divulgou uma nota por meio de sua assessoria, neste s\u00e1bado (12), para dizer que &#8220;n\u00e3o participa dessa discuss\u00e3o&#8221;.<\/p>\n<p>&#8220;O presidente Michel Temer n\u00e3o est\u00e1 participando da discuss\u00e3o sobre a reforma pol\u00edtica. N\u00e3o se envolveu na ado\u00e7\u00e3o do distrit\u00e3o nem na cria\u00e7\u00e3o do fundo eleitoral. Esses s\u00e3o temas do Congresso Nacional&#8221;, diz a nota.<\/p>\n<p>O documento foi emitido em resposta a uma reportagem do jornal O Estado de S.Paulo, que afirmou que o governo defende que emendas devem bancar o novo fundo eleitoral de R$ 3,6 bilh\u00f5es.<\/p>\n<p>Mendes e Temer se reuniram no domingo passado (6) no Jaburu para discutir a reforma pol\u00edtica. O ministro confirmou ao blog da jornalista Andr\u00e9ia Sadi no G1 que, no encontro, eles falaram sobre a emenda do parlamentarismo, uma ampla mudan\u00e7a no sistema pol\u00edtico e a distribui\u00e7\u00e3o dos recursos do fundo eleitoral.<\/p>\n<p>Procurado ap\u00f3s a divulga\u00e7\u00e3o da nota, o Planalto explicou que o presidente e o ministro discutiram a reforma pol\u00edtica na reuni\u00e3o, mas n\u00e3o o distrit\u00e3o nem o fundo eleitoral.<\/p>\n<p><strong>CARIRI EM A\u00c7\u00c3O<\/strong><\/p>\n<p><em>Com \u00a0MSN \/Foto: Google<\/em><\/p>\n<p><strong>Leia mais not\u00edcias em\u00a0<\/strong><a href=\"http:\/\/www.caririemacao.com\/\"><strong>caririemacao.com<\/strong><\/a><strong>, siga nossa p\u00e1gina no\u00a0<\/strong><a href=\"https:\/\/www.facebook.com\/CaririEmAcao\/?ref=aymt_homepage_panel\"><strong>Facebook<\/strong><\/a>,<strong>\u00a0<\/strong><a href=\"https:\/\/www.instagram.com\/cariri_em_acao\/?hl=pt-br\"><strong>Instagram<\/strong><\/a><strong>\u00a0e <\/strong><a href=\"https:\/\/www.youtube.com\/channel\/UCAptA0jQuYQy8vMhLt2m4qg\"><strong>Youtube<\/strong><\/a><strong>\u00a0e veja nossas mat\u00e9rias, v\u00eddeos e fotos. Voc\u00ea tamb\u00e9m pode enviar informa\u00e7\u00f5es \u00e0 Reda\u00e7\u00e3o do Portal Cariri em A\u00e7\u00e3o pelo WhatsApp (83) 9 9634.5791, (83) 9 9601-1162.<\/strong><\/p>\n","protected":false},"excerpt":{"rendered":"<p>Uma semana ap\u00f3s se reunir com o ministro do Supremo Tribunal Federal (STF) e presidente do Tribunal Superior Eleitoral (TSE), Gilmar Mendes, para discutir reforma&hellip; <\/p>\n","protected":false},"author":2,"featured_media":9911,"comment_status":"closed","ping_status":"closed","sticky":false,"template":"","format":"standard","meta":{"sfsi_plus_gutenberg_text_before_share":"","sfsi_plus_gutenberg_show_text_before_share":"","sfsi_plus_gutenberg_icon_type":"","sfsi_plus_gutenberg_icon_alignemt":"","sfsi_plus_gutenburg_max_per_row":"","footnotes":""},"categories":[11],"tags":[],"class_list":["post-26020","post","type-post","status-publish","format-standard","has-post-thumbnail","hentry","category-politica"],"_links":{"self":[{"href":"https:\/\/www.caririemacao.com\/1\/wp-json\/wp\/v2\/posts\/26020","targetHints":{"allow":["GET"]}}],"collection":[{"href":"https:\/\/www.caririemacao.com\/1\/wp-json\/wp\/v2\/posts"}],"about":[{"href":"https:\/\/www.caririemacao.com\/1\/wp-json\/wp\/v2\/types\/post"}],"author":[{"embeddable":true,"href":"https:\/\/www.caririemacao.com\/1\/wp-json\/wp\/v2\/users\/2"}],"replies":[{"embeddable":true,"href":"https:\/\/www.caririemacao.com\/1\/wp-json\/wp\/v2\/comments?post=26020"}],"version-history":[{"count":0,"href":"https:\/\/www.caririemacao.com\/1\/wp-json\/wp\/v2\/posts\/26020\/revisions"}],"wp:featuredmedia":[{"embeddable":true,"href":"https:\/\/www.caririemacao.com\/1\/wp-json\/wp\/v2\/media\/9911"}],"wp:attachment":[{"href":"https:\/\/www.caririemacao.com\/1\/wp-json\/wp\/v2\/media?parent=26020"}],"wp:term":[{"taxonomy":"category","embeddable":true,"href":"https:\/\/www.caririemacao.com\/1\/wp-json\/wp\/v2\/categories?post=26020"},{"taxonomy":"post_tag","embeddable":true,"href":"https:\/\/www.caririemacao.com\/1\/wp-json\/wp\/v2\/tags?post=26020"}],"curies":[{"name":"wp","href":"https:\/\/api.w.org\/{rel}","templated":true}]}}