{"id":26025,"date":"2017-08-13T13:33:07","date_gmt":"2017-08-13T16:33:07","guid":{"rendered":"http:\/\/caririemacao.com\/1\/?p=26025"},"modified":"2017-08-13T13:33:07","modified_gmt":"2017-08-13T16:33:07","slug":"stf-vai-ouvir-maria-do-rosario-e-jornalista-em-processo-contra-bolsonaro","status":"publish","type":"post","link":"https:\/\/www.caririemacao.com\/1\/2017\/08\/13\/stf-vai-ouvir-maria-do-rosario-e-jornalista-em-processo-contra-bolsonaro\/","title":{"rendered":"STF vai ouvir Maria do Ros\u00e1rio e jornalista em processo contra Bolsonaro"},"content":{"rendered":"<div>O ministro Luiz Fux, do Supremo Tribunal Federal (STF), decidiu juntar os dois processos a que o deputado Jair Bolsonaro (PSC-RJ) responde por ofensas \u00e0 deputada Maria do Ros\u00e1rio (PT-RS). Em despacho assinado nesta semana, ele marcou audi\u00eancia para ouvir a deputada, no pr\u00f3ximo dia 23. Antes, no dia 15, o Supremo ouvir\u00e1 o jornalista Gustavo Foster, que vai depor como testemunha na capital ga\u00facha. Foi em entrevista a Foster, do jornal Zero Hora, que o deputado disse que a colega \u201cn\u00e3o merecia ser estuprada\u201d por ser \u201cmuito feia\u201d, declara\u00e7\u00f5es que embasaram as duas a\u00e7\u00f5es.<\/div>\n<div><\/div>\n<div>\u201cEla n\u00e3o merece porque ela \u00e9 muito ruim, porque ela \u00e9 muito feia. N\u00e3o faz meu g\u00eanero. Jamais a estupraria\u201d, disse Bolsonaro ao jornalista, em entrevista por telefone, um dia ap\u00f3s ter ofendido Maria do Ros\u00e1rio com declara\u00e7\u00e3o semelhante no plen\u00e1rio.<\/div>\n<div><\/div>\n<div>Pr\u00e9-candidato \u00e0 Presid\u00eancia, o deputado \u00e9 r\u00e9u desde o ano passado por inj\u00faria, em processo movido pela deputada, e por incita\u00e7\u00e3o ao crime de estupro, em a\u00e7\u00e3o movida pelo Minist\u00e9rio P\u00fablico. Por determina\u00e7\u00e3o de Fux, um processo ser\u00e1 apensado ao outro.<\/div>\n<div><\/div>\n<div>\u201cPara o cidad\u00e3o que n\u00e3o compreende muito as fases de um processo no \u00e2mbito da Justi\u00e7a, seja ele penal ou civil, fica dif\u00edcil entender que um juiz intime a v\u00edtima para prestar esclarecimentos e n\u00e3o o r\u00e9u. Mas este procedimento \u00e9 corriqueiro e absolutamente usual. O juiz, neste caso o ministro relator Fux, o far\u00e1 com a simples inten\u00e7\u00e3o de colher o m\u00e1ximo de informa\u00e7\u00f5es para que sua senten\u00e7a seja aplicada de forma justa, dentro dos artigos da Constitui\u00e7\u00e3o para o caso de um delito\u201d, explica o advogado Paulo Freire, do escrit\u00f3rio Cezar Britto &amp; Advogados Associados, que representa a deputada Maria do Ros\u00e1rio. S\u00f3 depois dessa fase \u00e9 que Bolsonaro ser\u00e1 chamado pelo Supremo para se defender.<\/div>\n<div><\/div>\n<div>Al\u00e9m da A\u00e7\u00e3o Penal 1007, que corre no STF, outra a\u00e7\u00e3o civil ser\u00e1 julgada na pr\u00f3xima ter\u00e7a (15) no Superior Tribunal de Justi\u00e7a (STJ) tamb\u00e9m envolvendo as declara\u00e7\u00f5es de Bolsonaro em rela\u00e7\u00e3o \u00e0 deputada. O processo (Resp 995640) ser\u00e1 apreciado na Terceira Turma no STJ. O deputado recorre de decis\u00e3o da 18\u00aa Vara C\u00edvel de Bras\u00edlia, de setembro de 2015, que o condenou a indenizar a petista em R$ 10 mil por danos morais.<\/div>\n<div><\/div>\n<div>O perfil do pol\u00edtico e do homem Jair Bolsonaro \u00e9 reportagem de capa da nova edi\u00e7\u00e3o da Revista Congresso em Foco. Em 11 p\u00e1ginas, retratamos a produ\u00e7\u00e3o parlamentar e as pol\u00eamicas do deputado ultraconservador em ascens\u00e3o nas pesquisas presidenciais. Para acessar o conte\u00fado completo da publica\u00e7\u00e3o, clique aqui.<\/div>\n<div><\/div>\n<div>Em sess\u00e3o destinada ao Dia Internacional dos Direitos Humanos, em 9 de dezembro de 2014, Maria do Ros\u00e1rio elogiou em plen\u00e1rio o trabalho da Comiss\u00e3o da Verdade, que investigava os crimes cometidos durante a ditadura militar. Quando a deputada deixava o plen\u00e1rio, o deputado se dirigiu at\u00e9 ela exaltado. \u201cN\u00e3o sai daqui n\u00e3o, Maria do Ros\u00e1rio. Fica a\u00ed, fica. H\u00e1 poucos dias voc\u00ea me chamou de estuprador, no Sal\u00e3o Verde, e eu falei que n\u00e3o ia estuprar voc\u00ea porque voc\u00ea n\u00e3o merece. Fica aqui pra ouvir\u201d, disse. Ele j\u00e1 havia dito isso a ela em uma discuss\u00e3o na C\u00e2mara em 2003.<\/div>\n<div><\/div>\n<div>Abaixo, o v\u00eddeo do bate-boca de 2003:<\/div>\n<p><iframe data-src=\"https:\/\/www.youtube.com\/embed\/yRV98Im5zRs\" width=\"560\" height=\"315\" frameborder=\"0\" allowfullscreen=\"allowfullscreen\" src=\"data:image\/svg+xml;base64,PHN2ZyB3aWR0aD0iMSIgaGVpZ2h0PSIxIiB4bWxucz0iaHR0cDovL3d3dy53My5vcmcvMjAwMC9zdmciPjwvc3ZnPg==\" class=\"lazyload\" data-load-mode=\"1\"><\/iframe><\/p>\n<div>O deputado \u00e9 campe\u00e3o em den\u00fancias no Conselho de \u00c9tica e Corregedoria da Casa, em raz\u00e3o das pol\u00eamicas em que se envolve, desde defender o fuzilamento do ent\u00e3o presidente Fernando Henrique Cardoso (PSDB) a ataques contra petistas, como a ex-presidente Dilma e a pr\u00f3pria Maria do Ros\u00e1rio. Em todos os casos, acabou escapando da cassa\u00e7\u00e3o.<\/div>\n<div>\n<div><\/div>\n<div><strong>CARIRI EM A\u00c7\u00c3O<\/strong><\/div>\n<div>\n<p><em>Com Congresso em Foco\/Foto: Google<\/em><\/p>\n<p><strong>Leia mais not\u00edcias em\u00a0<\/strong><a href=\"http:\/\/www.caririemacao.com\/\"><strong>caririemacao.com<\/strong><\/a><strong>, siga nossa p\u00e1gina no\u00a0<\/strong><a href=\"https:\/\/www.facebook.com\/CaririEmAcao\/?ref=aymt_homepage_panel\"><strong>Facebook<\/strong><\/a>,<strong>\u00a0<\/strong><a href=\"https:\/\/www.instagram.com\/cariri_em_acao\/?hl=pt-br\"><strong>Instagram<\/strong><\/a><strong>\u00a0e <\/strong><a href=\"https:\/\/www.youtube.com\/channel\/UCAptA0jQuYQy8vMhLt2m4qg\"><strong>Youtube<\/strong><\/a><strong>\u00a0e veja nossas mat\u00e9rias, v\u00eddeos e fotos. Voc\u00ea tamb\u00e9m pode enviar informa\u00e7\u00f5es \u00e0 Reda\u00e7\u00e3o do Portal Cariri em A\u00e7\u00e3o pelo WhatsApp (83) 9 9634.5791, (83) 9 9601-1162.<\/strong><\/p>\n<\/div>\n<\/div>\n","protected":false},"excerpt":{"rendered":"<p>O ministro Luiz Fux, do Supremo Tribunal Federal (STF), decidiu juntar os dois processos a que o deputado Jair Bolsonaro (PSC-RJ) responde por ofensas \u00e0&hellip; <\/p>\n","protected":false},"author":2,"featured_media":26026,"comment_status":"closed","ping_status":"closed","sticky":false,"template":"","format":"standard","meta":{"sfsi_plus_gutenberg_text_before_share":"","sfsi_plus_gutenberg_show_text_before_share":"","sfsi_plus_gutenberg_icon_type":"","sfsi_plus_gutenberg_icon_alignemt":"","sfsi_plus_gutenburg_max_per_row":"","footnotes":""},"categories":[11],"tags":[],"class_list":["post-26025","post","type-post","status-publish","format-standard","has-post-thumbnail","hentry","category-politica"],"_links":{"self":[{"href":"https:\/\/www.caririemacao.com\/1\/wp-json\/wp\/v2\/posts\/26025","targetHints":{"allow":["GET"]}}],"collection":[{"href":"https:\/\/www.caririemacao.com\/1\/wp-json\/wp\/v2\/posts"}],"about":[{"href":"https:\/\/www.caririemacao.com\/1\/wp-json\/wp\/v2\/types\/post"}],"author":[{"embeddable":true,"href":"https:\/\/www.caririemacao.com\/1\/wp-json\/wp\/v2\/users\/2"}],"replies":[{"embeddable":true,"href":"https:\/\/www.caririemacao.com\/1\/wp-json\/wp\/v2\/comments?post=26025"}],"version-history":[{"count":0,"href":"https:\/\/www.caririemacao.com\/1\/wp-json\/wp\/v2\/posts\/26025\/revisions"}],"wp:featuredmedia":[{"embeddable":true,"href":"https:\/\/www.caririemacao.com\/1\/wp-json\/wp\/v2\/media\/26026"}],"wp:attachment":[{"href":"https:\/\/www.caririemacao.com\/1\/wp-json\/wp\/v2\/media?parent=26025"}],"wp:term":[{"taxonomy":"category","embeddable":true,"href":"https:\/\/www.caririemacao.com\/1\/wp-json\/wp\/v2\/categories?post=26025"},{"taxonomy":"post_tag","embeddable":true,"href":"https:\/\/www.caririemacao.com\/1\/wp-json\/wp\/v2\/tags?post=26025"}],"curies":[{"name":"wp","href":"https:\/\/api.w.org\/{rel}","templated":true}]}}