{"id":26028,"date":"2017-08-13T13:38:24","date_gmt":"2017-08-13T16:38:24","guid":{"rendered":"http:\/\/caririemacao.com\/1\/?p=26028"},"modified":"2017-08-13T14:21:43","modified_gmt":"2017-08-13T17:21:43","slug":"jovem-morre-ao-fazer-selfie-com-corpo-para-fora-do-carro","status":"publish","type":"post","link":"https:\/\/www.caririemacao.com\/1\/2017\/08\/13\/jovem-morre-ao-fazer-selfie-com-corpo-para-fora-do-carro\/","title":{"rendered":"Jovem morre ao fazer selfie com corpo para fora do carro"},"content":{"rendered":"<section class=\"l-noticia\">&#8220;Ele amava c\u00e2meras e rol\u00eas. Era um anjo de luz. Sempre espont\u00e2neo e engra\u00e7ado, contagiava a todos com sua alegria&#8221;. Foi com essas palavras que a estudante Iannyne Lopes, 20 anos, definiu seu amigo Simon Almeida, 19, o jovem que morreu ao sofrer um acidente enquanto fazia selfies na \u00faltima quinta-feira (10), em Jaboticabal (a 360 quil\u00f4metros de S\u00e3o Paulo).De acordo com a pol\u00edcia, Almeida era passageiro de um carro em movimento e estava com parte do corpo para fora do ve\u00edculo fazendo selfies quando a motorista perdeu o controle da dire\u00e7\u00e3o e o corpo do jovem acabou batendo contra uma \u00e1rvore. O estudante chegou a ser socorrido por uma equipe do Servi\u00e7o de Atendimento M\u00f3vel de Urg\u00eancia (Samu), mas n\u00e3o resistiu.<\/p>\n<p><img fetchpriority=\"high\" decoding=\"async\" class=\"aligncenter wp-image-26029 size-full\" src=\"http:\/\/caririemacao.com\/1\/wp-content\/uploads\/2017\/08\/13-08-2017.155623_2.jpg\" alt=\"\" width=\"380\" height=\"240\" srcset=\"https:\/\/www.caririemacao.com\/1\/wp-content\/uploads\/2017\/08\/13-08-2017.155623_2.jpg 380w, https:\/\/www.caririemacao.com\/1\/wp-content\/uploads\/2017\/08\/13-08-2017.155623_2-300x189.jpg 300w\" sizes=\"(max-width: 380px) 100vw, 380px\" \/><\/p>\n<p>Iannyne e Simon eram amigos de inf\u00e2ncia acompanham vida um do outro por meio das redes sociais. Ela conta que, apesar morarem em Estados diferentes nos \u00faltimos tempos, mantinham contato sempre pelas redes sociais. &#8220;Ele ainda era uma crian\u00e7a. Fiquei abalada com a not\u00edcia, mas creio que ele cumpriu sua miss\u00e3o&#8221;, disse a amiga.<br \/>\nSegundo o boletim de ocorr\u00eancia, a motorista e o passageiro estiveram em um bar antes do acidente. Entretanto, exames preliminares n\u00e3o apontaram embriaguez da condutora do carro. Mesmo assim, amostras de sangue foram colhidas e a pol\u00edcia aguarda o laudo oficial.<\/p>\n<p>O caso est\u00e1 sendo investigado e foi registrado como homic\u00eddio culposo \u2013 quando n\u00e3o h\u00e1 inten\u00e7\u00e3o de matar. Ainda segundo a pol\u00edcia, a motorista estava muito abalada com a morte do melhor amigo e por isso ainda n\u00e3o prestou depoimento. O celular usado por Simon foi apreendido e o carro envolvido no acidente foi encaminhado ao p\u00e1tio da Pol\u00edcia Militar. O UOL n\u00e3o conseguiu contato com o delegado para saber sobre o andamento das investiga\u00e7\u00f5es.<\/p>\n<p><strong>CARIRI EM A\u00c7\u00c3O<\/strong><\/p>\n<p><em>Com UOL\/Foto: Google<\/em><\/p>\n<p><strong>Leia mais not\u00edcias em\u00a0<\/strong><a href=\"http:\/\/www.caririemacao.com\/\"><strong>caririemacao.com<\/strong><\/a><strong>, siga nossa p\u00e1gina no\u00a0<\/strong><a href=\"https:\/\/www.facebook.com\/CaririEmAcao\/?ref=aymt_homepage_panel\"><strong>Facebook<\/strong><\/a>,<strong>\u00a0<\/strong><a href=\"https:\/\/www.instagram.com\/cariri_em_acao\/?hl=pt-br\"><strong>Instagram<\/strong><\/a><strong>\u00a0e <\/strong><a href=\"https:\/\/www.youtube.com\/channel\/UCAptA0jQuYQy8vMhLt2m4qg\"><strong>Youtube<\/strong><\/a><strong>\u00a0e veja nossas mat\u00e9rias, v\u00eddeos e fotos. Voc\u00ea tamb\u00e9m pode enviar informa\u00e7\u00f5es \u00e0 Reda\u00e7\u00e3o do Portal Cariri em A\u00e7\u00e3o pelo WhatsApp (83) 9 9634.5791, (83) 9 9601-1162.<\/strong><\/p>\n<\/section>\n","protected":false},"excerpt":{"rendered":"<p>&#8220;Ele amava c\u00e2meras e rol\u00eas. Era um anjo de luz. Sempre espont\u00e2neo e engra\u00e7ado, contagiava a todos com sua alegria&#8221;. Foi com essas palavras que&hellip; <\/p>\n","protected":false},"author":2,"featured_media":25619,"comment_status":"closed","ping_status":"closed","sticky":false,"template":"","format":"standard","meta":{"sfsi_plus_gutenberg_text_before_share":"","sfsi_plus_gutenberg_show_text_before_share":"","sfsi_plus_gutenberg_icon_type":"","sfsi_plus_gutenberg_icon_alignemt":"","sfsi_plus_gutenburg_max_per_row":"","footnotes":""},"categories":[12],"tags":[],"class_list":["post-26028","post","type-post","status-publish","format-standard","has-post-thumbnail","hentry","category-policia"],"_links":{"self":[{"href":"https:\/\/www.caririemacao.com\/1\/wp-json\/wp\/v2\/posts\/26028","targetHints":{"allow":["GET"]}}],"collection":[{"href":"https:\/\/www.caririemacao.com\/1\/wp-json\/wp\/v2\/posts"}],"about":[{"href":"https:\/\/www.caririemacao.com\/1\/wp-json\/wp\/v2\/types\/post"}],"author":[{"embeddable":true,"href":"https:\/\/www.caririemacao.com\/1\/wp-json\/wp\/v2\/users\/2"}],"replies":[{"embeddable":true,"href":"https:\/\/www.caririemacao.com\/1\/wp-json\/wp\/v2\/comments?post=26028"}],"version-history":[{"count":0,"href":"https:\/\/www.caririemacao.com\/1\/wp-json\/wp\/v2\/posts\/26028\/revisions"}],"wp:featuredmedia":[{"embeddable":true,"href":"https:\/\/www.caririemacao.com\/1\/wp-json\/wp\/v2\/media\/25619"}],"wp:attachment":[{"href":"https:\/\/www.caririemacao.com\/1\/wp-json\/wp\/v2\/media?parent=26028"}],"wp:term":[{"taxonomy":"category","embeddable":true,"href":"https:\/\/www.caririemacao.com\/1\/wp-json\/wp\/v2\/categories?post=26028"},{"taxonomy":"post_tag","embeddable":true,"href":"https:\/\/www.caririemacao.com\/1\/wp-json\/wp\/v2\/tags?post=26028"}],"curies":[{"name":"wp","href":"https:\/\/api.w.org\/{rel}","templated":true}]}}