{"id":26031,"date":"2017-08-13T13:39:57","date_gmt":"2017-08-13T16:39:57","guid":{"rendered":"http:\/\/caririemacao.com\/1\/?p=26031"},"modified":"2017-08-13T13:39:57","modified_gmt":"2017-08-13T16:39:57","slug":"prefeitura-de-monteiro-realiza-torneio-de-futsal-em-homenagem-aos-dia-dos-pais","status":"publish","type":"post","link":"https:\/\/www.caririemacao.com\/1\/2017\/08\/13\/prefeitura-de-monteiro-realiza-torneio-de-futsal-em-homenagem-aos-dia-dos-pais\/","title":{"rendered":"Prefeitura de Monteiro realiza Torneio de Futsal em homenagem aos Dia dos Pais"},"content":{"rendered":"<p>A Prefeitura de Monteiro, atrav\u00e9s da Secretaria de Esportes, vai promover uma manh\u00e3 de domingo de esporte e lazer para seus funcion\u00e1rios que s\u00e3o pais, em alus\u00e3o ao seu dia, neste domingo, 13.<\/p>\n<p>Um torneio de futsal ser\u00e1 disputado no Gin\u00e1sio poliesportivo O CHIC\u00c3O, com a participa\u00e7\u00e3o de 04 equipes compostas por funcion\u00e1rios p\u00fablicos que s\u00e3o pais, lotados em diversas secretarias.<\/p>\n<p>Os times ser\u00e3o formados por\u00a0 servidores das secret\u00e1rias de Sa\u00fade, Educa\u00e7\u00e3o, Infraestrutura, Esportes, Agricultura e Gabinete.<\/p>\n<p>Os jogos come\u00e7am \u00e0s 07 horas da manh\u00e3 e haver\u00e1 trof\u00e9us para campe\u00e3o e vice, al\u00e9m de medalhas para atletas das equipes participantes.<\/p>\n<p>O trof\u00e9u de campe\u00e3o homenagear\u00e1 o funcion\u00e1rio p\u00fablico Eliomarcos da Silva Vasconcelos e o trof\u00e9u de vice-campe\u00e3o ser\u00e1 uma homenagem ao funcion\u00e1rio Ailton Alves de Sousa (ambos in-memorian).<\/p>\n<p>&nbsp;<\/p>\n<p>\u201cSer\u00e1 um domingo de lazer, esporte, sa\u00fade e alegria para nossos funcion\u00e1rios que s\u00e3o pais e gostam de um bom futebol. Esperamos que todos possam se divertir inclusive ao lado de suas fam\u00edlias\u201d, disse a prefeita Anna Lorena sobre o evento.<\/p>\n<p><strong>CARIRI EM A\u00c7\u00c3O<\/strong><\/p>\n<p><em>ComAscom\/Foto: Google<\/em><\/p>\n<p><strong>Leia mais not\u00edcias em\u00a0<\/strong><a href=\"http:\/\/www.caririemacao.com\/\"><strong>caririemacao.com<\/strong><\/a><strong>, siga nossa p\u00e1gina no\u00a0<\/strong><a href=\"https:\/\/www.facebook.com\/CaririEmAcao\/?ref=aymt_homepage_panel\"><strong>Facebook<\/strong><\/a>,<strong>\u00a0<\/strong><a href=\"https:\/\/www.instagram.com\/cariri_em_acao\/?hl=pt-br\"><strong>Instagram<\/strong><\/a><strong>\u00a0e <\/strong><a href=\"https:\/\/www.youtube.com\/channel\/UCAptA0jQuYQy8vMhLt2m4qg\"><strong>Youtube<\/strong><\/a><strong>\u00a0e veja nossas mat\u00e9rias, v\u00eddeos e fotos. Voc\u00ea tamb\u00e9m pode enviar informa\u00e7\u00f5es \u00e0 Reda\u00e7\u00e3o do Portal Cariri em A\u00e7\u00e3o pelo WhatsApp (83) 9 9634.5791, (83) 9 9601-1162.<\/strong><\/p>\n","protected":false},"excerpt":{"rendered":"<p>A Prefeitura de Monteiro, atrav\u00e9s da Secretaria de Esportes, vai promover uma manh\u00e3 de domingo de esporte e lazer para seus funcion\u00e1rios que s\u00e3o pais,&hellip; <\/p>\n","protected":false},"author":2,"featured_media":20685,"comment_status":"closed","ping_status":"closed","sticky":false,"template":"","format":"standard","meta":{"sfsi_plus_gutenberg_text_before_share":"","sfsi_plus_gutenberg_show_text_before_share":"","sfsi_plus_gutenberg_icon_type":"","sfsi_plus_gutenberg_icon_alignemt":"","sfsi_plus_gutenburg_max_per_row":"","footnotes":""},"categories":[13],"tags":[],"class_list":["post-26031","post","type-post","status-publish","format-standard","has-post-thumbnail","hentry","category-esportes"],"_links":{"self":[{"href":"https:\/\/www.caririemacao.com\/1\/wp-json\/wp\/v2\/posts\/26031","targetHints":{"allow":["GET"]}}],"collection":[{"href":"https:\/\/www.caririemacao.com\/1\/wp-json\/wp\/v2\/posts"}],"about":[{"href":"https:\/\/www.caririemacao.com\/1\/wp-json\/wp\/v2\/types\/post"}],"author":[{"embeddable":true,"href":"https:\/\/www.caririemacao.com\/1\/wp-json\/wp\/v2\/users\/2"}],"replies":[{"embeddable":true,"href":"https:\/\/www.caririemacao.com\/1\/wp-json\/wp\/v2\/comments?post=26031"}],"version-history":[{"count":0,"href":"https:\/\/www.caririemacao.com\/1\/wp-json\/wp\/v2\/posts\/26031\/revisions"}],"wp:featuredmedia":[{"embeddable":true,"href":"https:\/\/www.caririemacao.com\/1\/wp-json\/wp\/v2\/media\/20685"}],"wp:attachment":[{"href":"https:\/\/www.caririemacao.com\/1\/wp-json\/wp\/v2\/media?parent=26031"}],"wp:term":[{"taxonomy":"category","embeddable":true,"href":"https:\/\/www.caririemacao.com\/1\/wp-json\/wp\/v2\/categories?post=26031"},{"taxonomy":"post_tag","embeddable":true,"href":"https:\/\/www.caririemacao.com\/1\/wp-json\/wp\/v2\/tags?post=26031"}],"curies":[{"name":"wp","href":"https:\/\/api.w.org\/{rel}","templated":true}]}}