{"id":26042,"date":"2017-08-13T13:55:16","date_gmt":"2017-08-13T16:55:16","guid":{"rendered":"http:\/\/caririemacao.com\/1\/?p=26042"},"modified":"2017-08-13T13:55:16","modified_gmt":"2017-08-13T16:55:16","slug":"encontro-de-prefeitos-discutira-meio-ambiente-e-captacao-de-recursos-federais","status":"publish","type":"post","link":"https:\/\/www.caririemacao.com\/1\/2017\/08\/13\/encontro-de-prefeitos-discutira-meio-ambiente-e-captacao-de-recursos-federais\/","title":{"rendered":"Encontro de Prefeitos discutir\u00e1 meio ambiente e capta\u00e7\u00e3o de recursos federais"},"content":{"rendered":"<p>Segundo o presidente da Ubam, Leo Santana, a entidade, ao longo dos anos, vem buscando promover o desenvolvimento das cidades, no que se refere \u00e0 gest\u00e3o de qualidade e de efici\u00eancia, pautada na administra\u00e7\u00e3o legal dos recursos p\u00fablicos, tra\u00e7ando linhas de orienta\u00e7\u00e3o, relacionadas aos reflexos da legisla\u00e7\u00e3o vigente, voltada \u00e0 probidade, honestidade, austeridade e cumprimento dos princ\u00edpios constitucionais. Sendo uma de suas maiores lutas, no congresso nacional, a equipara\u00e7\u00e3o de repasse dos recursos p\u00fablicos com os Estados, objetivando que o governo da Uni\u00e3o garanta os mesmos percentuais de 25% do bolo tribut\u00e1rio tamb\u00e9m para as prefeituras. Sendo nessa linha de trabalho, que a Ubam, segundo ele, est\u00e1 promovendo esse evento, visando discutir um dos temas mais gritantes do municipalismo: Recursos Federais e o Meio Ambiente.<\/p>\n<p>Para o presidente, a Ubam, como associa\u00e7\u00e3o de munic\u00edpios, tem o interesse na promo\u00e7\u00e3o de eventos participativos, que possam tra\u00e7ar uma agenda permanente de discuss\u00e3o, a fim de acrescentar as administra\u00e7\u00f5es p\u00fablicas municipais orienta\u00e7\u00e3o necess\u00e1ria, abastecendo-as de conhecimento, direcionando a gest\u00e3o como um todo, propiciando qualidade e efic\u00e1cia das demandas administrativas.<\/p>\n<p>\u201cEm Bras\u00edlia, junto ao governo central, temos estabelecido nossa presen\u00e7a institucional, lutando por mais recursos, com uma estrutura organizacional de apoio aos gestores, encaminhado os pleitos municipais, tratando da reformula\u00e7\u00e3o do envelhecido e injusto \u201cpacto federativo\u201d, que se constitui num dos maiores complicadores econ\u00f4micos praticados pelo governo da Uni\u00e3o que, ao se creditar 100% dos tributos gerados nas cidades, fazendo uso como quer, em detrimento dos menores entes federados, que s\u00e3o obrigados a garantir sa\u00fade, educa\u00e7\u00e3o, seguran\u00e7a p\u00fablica, inclus\u00e3o social e o bem estar da popula\u00e7\u00e3o, sem os recursos necess\u00e1rios para que isso possa se tornar realidade.<\/p>\n<p>Para Leo Santana, o\u00a0<em>Encontro de Munic\u00edpios \u2013 Conv\u00eanios Federais e Meio Ambiente<\/em>\u00a0encontra seu mais prop\u00edcio ambiente, num cen\u00e1rio de incertezas paras as prefeituras municipais, a maioria endividada, sem pessoal adequado \u00e0 gest\u00e3o de qualidade, milhares delas inscritas no cadastro de inadimplentes do governo federal, impossibilitando-as de receberem recursos que garantiriam o m\u00ednimo necess\u00e1rio \u00e0 retomada de obras inacabadas, reestrutura\u00e7\u00e3o dos equipamentos p\u00fablicos, tanto de escolas, como creches, mercados p\u00fablicos, cemit\u00e9rios, aterros sanit\u00e1rios e infra-estrutura de modo geral, com o funcionamento ilegal de 200 lix\u00f5es a c\u00e9u aberto, gerando uma degrada\u00e7\u00e3o ambiental sem precedentes e de forma silenciosa.<\/p>\n<p>No Evento contar\u00e1 com a presen\u00e7a de Bruno Ara\u00fajo (Minist\u00e9rio das Cidades), de Marco Costa Holanda (Presidente do Banco do Nordeste \u2013 BNB), do Presidente da FUNASA, Rodrigo S\u00e9rgio Dias e do Superintendente da SUDENE, Marcelo Neves, garantido assim uma ampla exposi\u00e7\u00e3o dos principais mecanismos que possibilitam a celebra\u00e7\u00e3o de conv\u00eanios e a capta\u00e7\u00e3o dos recursos do governo federal, al\u00e9m da discuss\u00e3o de outros temas, como:\u00a0Extin\u00e7\u00e3o dos Lix\u00f5es, Constru\u00e7\u00e3o de Aterros Sanit\u00e1rios, Instala\u00e7\u00e3o de Usina para transforma\u00e7\u00e3o do lixo e Degrada\u00e7\u00e3o do Meio Ambiente<\/p>\n<p><strong>CARIRI EM A\u00c7\u00c3O<\/strong><\/p>\n<p><em>Com Ascom\/Foto: Google<\/em><\/p>\n<p><strong>Leia mais not\u00edcias em\u00a0<\/strong><a href=\"http:\/\/www.caririemacao.com\/\"><strong>caririemacao.com<\/strong><\/a><strong>, siga nossa p\u00e1gina no\u00a0<\/strong><a href=\"https:\/\/www.facebook.com\/CaririEmAcao\/?ref=aymt_homepage_panel\"><strong>Facebook<\/strong><\/a>,<strong>\u00a0<\/strong><a href=\"https:\/\/www.instagram.com\/cariri_em_acao\/?hl=pt-br\"><strong>Instagram<\/strong><\/a><strong>\u00a0e <\/strong><a href=\"https:\/\/www.youtube.com\/channel\/UCAptA0jQuYQy8vMhLt2m4qg\"><strong>Youtube<\/strong><\/a><strong>\u00a0e veja nossas mat\u00e9rias, v\u00eddeos e fotos. Voc\u00ea tamb\u00e9m pode enviar informa\u00e7\u00f5es \u00e0 Reda\u00e7\u00e3o do Portal Cariri em A\u00e7\u00e3o pelo WhatsApp (83) 9 9634.5791, (83) 9 9601-1162.<\/strong><\/p>\n","protected":false},"excerpt":{"rendered":"<p>Segundo o presidente da Ubam, Leo Santana, a entidade, ao longo dos anos, vem buscando promover o desenvolvimento das cidades, no que se refere \u00e0&hellip; <\/p>\n","protected":false},"author":2,"featured_media":9972,"comment_status":"closed","ping_status":"closed","sticky":false,"template":"","format":"standard","meta":{"sfsi_plus_gutenberg_text_before_share":"","sfsi_plus_gutenberg_show_text_before_share":"","sfsi_plus_gutenberg_icon_type":"","sfsi_plus_gutenberg_icon_alignemt":"","sfsi_plus_gutenburg_max_per_row":"","footnotes":""},"categories":[2],"tags":[],"class_list":["post-26042","post","type-post","status-publish","format-standard","has-post-thumbnail","hentry","category-geral"],"_links":{"self":[{"href":"https:\/\/www.caririemacao.com\/1\/wp-json\/wp\/v2\/posts\/26042","targetHints":{"allow":["GET"]}}],"collection":[{"href":"https:\/\/www.caririemacao.com\/1\/wp-json\/wp\/v2\/posts"}],"about":[{"href":"https:\/\/www.caririemacao.com\/1\/wp-json\/wp\/v2\/types\/post"}],"author":[{"embeddable":true,"href":"https:\/\/www.caririemacao.com\/1\/wp-json\/wp\/v2\/users\/2"}],"replies":[{"embeddable":true,"href":"https:\/\/www.caririemacao.com\/1\/wp-json\/wp\/v2\/comments?post=26042"}],"version-history":[{"count":0,"href":"https:\/\/www.caririemacao.com\/1\/wp-json\/wp\/v2\/posts\/26042\/revisions"}],"wp:featuredmedia":[{"embeddable":true,"href":"https:\/\/www.caririemacao.com\/1\/wp-json\/wp\/v2\/media\/9972"}],"wp:attachment":[{"href":"https:\/\/www.caririemacao.com\/1\/wp-json\/wp\/v2\/media?parent=26042"}],"wp:term":[{"taxonomy":"category","embeddable":true,"href":"https:\/\/www.caririemacao.com\/1\/wp-json\/wp\/v2\/categories?post=26042"},{"taxonomy":"post_tag","embeddable":true,"href":"https:\/\/www.caririemacao.com\/1\/wp-json\/wp\/v2\/tags?post=26042"}],"curies":[{"name":"wp","href":"https:\/\/api.w.org\/{rel}","templated":true}]}}