{"id":26044,"date":"2017-08-13T13:58:20","date_gmt":"2017-08-13T16:58:20","guid":{"rendered":"http:\/\/caririemacao.com\/1\/?p=26044"},"modified":"2017-08-13T14:34:34","modified_gmt":"2017-08-13T17:34:34","slug":"crm-pb-da-dicas-para-pacientes-nao-serem-enganados-por-falsos-medicos","status":"publish","type":"post","link":"https:\/\/www.caririemacao.com\/1\/2017\/08\/13\/crm-pb-da-dicas-para-pacientes-nao-serem-enganados-por-falsos-medicos\/","title":{"rendered":"CRM-PB d\u00e1 dicas para pacientes n\u00e3o serem enganados por falsos m\u00e9dicos"},"content":{"rendered":"<p>Um homem de 34 anos foi preso nessa quinta-feira (10) suspeito de praticar h\u00e1 pelo menos dois anos o crime de exerc\u00edcio ilegal de medicina. Mas como a popula\u00e7\u00e3o pode se precaver em situa\u00e7\u00f5es como estas e n\u00e3o ter a sua sa\u00fade colocada em risco? De acordo com o diretor do departamento de fiscaliza\u00e7\u00e3o do Conselho Regional de Medicina da Para\u00edba, Jo\u00e3o Alberto Morais, o paciente pode procurar informa\u00e7\u00f5es acerca do profissional no Portal do Conselho Federal de Medicina.<\/p>\n<p>\u201cA primeira forma, toda vez que exista qualquer tipo de desconfian\u00e7a em rela\u00e7\u00e3o a um medico, que se quiser saber a veracidade, existe um link que qualquer cidad\u00e3o tem acesso, que se chama portal CFM. Voc\u00ea acessa este portal e l\u00e1 vai ter um link para o cidad\u00e3o achar seu m\u00e9dico. Com o nome do m\u00e9dico por extenso ou s\u00f3 com o CRM ele localiza n\u00e3o s\u00f3 se ele \u00e9 medico, mas se est\u00e1 ativo e se ele tem especializa\u00e7\u00e3o. Isto qualquer cidad\u00e3o pode ter em m\u00e3os\u201d, afirmou.<\/p>\n<p>Com rela\u00e7\u00e3o ao riscos que os pacientes deste falso oftalmologista correram, Jo\u00e3o disse que pelo fato dele ser um optometrista (profissional respons\u00e1vel pela realiza\u00e7\u00e3o de medi\u00e7\u00f5es de amplitude visual), poderia n\u00e3o diagnosticar determinadas doen\u00e7as, agravando-as.<\/p>\n<p>\u201cCom rela\u00e7\u00e3o a um optometrista, que \u00e9 o caso deste cidad\u00e3o, est\u00e1 atendendo como se fosse m\u00e9dico, para aquelas pessoas que tem uma diminui\u00e7\u00e3o na vis\u00e3o, existe uma outra coisa que a gente tem que ficar atento. Nem sempre a vis\u00e3o ocorre sem que haja uma doen\u00e7a por tr\u00e1s dela. Pode encontrar uma doen\u00e7a que est\u00e1 se instalando e muitas vezes estes optometristas n\u00e3o tem conhecimento para fazer isto, porque eles s\u00e3o autorizados para fazer fabrica\u00e7\u00e3o de lentes. Ele muitas vezes d\u00e1 o \u00f3culos, a pessoa sai com o \u00f3culos at\u00e9 funcionando perfeitamente, por\u00e9m est\u00e1 se instalando uma doen\u00e7a que s\u00f3 ser\u00e1 verificada mais tardiamente e consequentemente trazendo doen\u00e7as mais graves trazendo complica\u00e7\u00f5es maiores para o paciente\u201d, explicou.<\/p>\n<p>Por fim, Jo\u00e3o explicou que as pessoas que se sentirem lesadas podem procurar a justi\u00e7a e entrar com um processo contra o falso m\u00e9dico.<\/p>\n<p>\u201cPodem processar, isto \u00e9 crime. O conselho quando consegue detectar, pelo fato da pessoa n\u00e3o ser medica, eu n\u00e3o tenho inger\u00eancia sobre eles. Sempre eu conto com o apoio policial para que a gente possa determinar uma a\u00e7\u00e3o conjunta, visando a apreens\u00e3o deste indiv\u00edduo, porque isto \u00e9 crime\u201d, finalizou.<\/p>\n<p><strong>CARIRI EM A\u00c7\u00c3O<\/strong><\/p>\n<p><em>Com Portal Correio\/Foto: Reprodu\u00e7\u00e3o\u00a0<\/em><\/p>\n<p><strong>Leia mais not\u00edcias em\u00a0<\/strong><a href=\"http:\/\/www.caririemacao.com\/\"><strong>caririemacao.com<\/strong><\/a><strong>, siga nossa p\u00e1gina no\u00a0<\/strong><a href=\"https:\/\/www.facebook.com\/CaririEmAcao\/?ref=aymt_homepage_panel\"><strong>Facebook<\/strong><\/a>,<strong>\u00a0<\/strong><a href=\"https:\/\/www.instagram.com\/cariri_em_acao\/?hl=pt-br\"><strong>Instagram<\/strong><\/a><strong>\u00a0e <\/strong><a href=\"https:\/\/www.youtube.com\/channel\/UCAptA0jQuYQy8vMhLt2m4qg\"><strong>Youtube<\/strong><\/a><strong>\u00a0e veja nossas mat\u00e9rias, v\u00eddeos e fotos. Voc\u00ea tamb\u00e9m pode enviar informa\u00e7\u00f5es \u00e0 Reda\u00e7\u00e3o do Portal Cariri em A\u00e7\u00e3o pelo WhatsApp (83) 9 9634.5791, (83) 9 9601-1162.<\/strong><\/p>\n","protected":false},"excerpt":{"rendered":"<p>Um homem de 34 anos foi preso nessa quinta-feira (10) suspeito de praticar h\u00e1 pelo menos dois anos o crime de exerc\u00edcio ilegal de medicina.&hellip; <\/p>\n","protected":false},"author":2,"featured_media":26045,"comment_status":"closed","ping_status":"closed","sticky":false,"template":"","format":"standard","meta":{"sfsi_plus_gutenberg_text_before_share":"","sfsi_plus_gutenberg_show_text_before_share":"","sfsi_plus_gutenberg_icon_type":"","sfsi_plus_gutenberg_icon_alignemt":"","sfsi_plus_gutenburg_max_per_row":"","footnotes":""},"categories":[16],"tags":[],"class_list":["post-26044","post","type-post","status-publish","format-standard","has-post-thumbnail","hentry","category-saude"],"_links":{"self":[{"href":"https:\/\/www.caririemacao.com\/1\/wp-json\/wp\/v2\/posts\/26044","targetHints":{"allow":["GET"]}}],"collection":[{"href":"https:\/\/www.caririemacao.com\/1\/wp-json\/wp\/v2\/posts"}],"about":[{"href":"https:\/\/www.caririemacao.com\/1\/wp-json\/wp\/v2\/types\/post"}],"author":[{"embeddable":true,"href":"https:\/\/www.caririemacao.com\/1\/wp-json\/wp\/v2\/users\/2"}],"replies":[{"embeddable":true,"href":"https:\/\/www.caririemacao.com\/1\/wp-json\/wp\/v2\/comments?post=26044"}],"version-history":[{"count":0,"href":"https:\/\/www.caririemacao.com\/1\/wp-json\/wp\/v2\/posts\/26044\/revisions"}],"wp:featuredmedia":[{"embeddable":true,"href":"https:\/\/www.caririemacao.com\/1\/wp-json\/wp\/v2\/media\/26045"}],"wp:attachment":[{"href":"https:\/\/www.caririemacao.com\/1\/wp-json\/wp\/v2\/media?parent=26044"}],"wp:term":[{"taxonomy":"category","embeddable":true,"href":"https:\/\/www.caririemacao.com\/1\/wp-json\/wp\/v2\/categories?post=26044"},{"taxonomy":"post_tag","embeddable":true,"href":"https:\/\/www.caririemacao.com\/1\/wp-json\/wp\/v2\/tags?post=26044"}],"curies":[{"name":"wp","href":"https:\/\/api.w.org\/{rel}","templated":true}]}}