{"id":26049,"date":"2017-08-13T14:04:30","date_gmt":"2017-08-13T17:04:30","guid":{"rendered":"http:\/\/caririemacao.com\/1\/?p=26049"},"modified":"2017-08-13T14:04:30","modified_gmt":"2017-08-13T17:04:30","slug":"nove-pais-por-semana-reconhecem-filhos-registrados-com-nome-da-mae-na-pb","status":"publish","type":"post","link":"https:\/\/www.caririemacao.com\/1\/2017\/08\/13\/nove-pais-por-semana-reconhecem-filhos-registrados-com-nome-da-mae-na-pb\/","title":{"rendered":"Nove pais por semana reconhecem filhos registrados com nome da m\u00e3e, na PB"},"content":{"rendered":"<div class=\"mc-column content-media content-media--normal content-photo\" data-block-type=\"backstage-photo\">\n<div class=\"content-media__container\">\n<div class=\"content-media__description-centered \">\n<p class=\"content-media__description\">Nove pais reconhecem a paternidade de seus filhos que foram registrados apenas com o nome da m\u00e3e por semana na Para\u00edba. Em 21 meses, foram 870 reconhecimentos, de acordo com o N\u00facleo de Paternidade do Minist\u00e9rio P\u00fablico estadual. O per\u00edodo analisado come\u00e7a em outubro de 2015 e se estende at\u00e9 junho deste ano. Os dados fazem parte de um relat\u00f3rio do N\u00facleo.<\/p>\n<\/div>\n<\/div>\n<\/div>\n<div class=\"mc-column content-text active-extra-styles \" data-block-type=\"unstyled\" data-block-weight=\"37\">\n<p class=\"content-text__container \" data-track-category=\"Link no Texto\" data-track-links=\"\">Os reconhecimentos j\u00e1 registrados aconteceram em 39 mutir\u00f5es nas cidades de Alagoa Grande, Barra de Santa Rosa, Campina Grande, Cuit\u00e9, Esperan\u00e7a, Gurinh\u00e9m, Jo\u00e3o Pessoa, Picu\u00ed e Sap\u00e9, al\u00e9m de pres\u00eddios masculinos e femininos e de comunidade ind\u00edgena.<\/p>\n<\/div>\n<div class=\"mc-column content-text active-extra-styles \" data-block-type=\"unstyled\" data-block-weight=\"37\">\n<p class=\"content-text__container \" data-track-category=\"Link no Texto\" data-track-links=\"\">Uma parte dos casos exigiu a realiza\u00e7\u00e3o de exames de DNA, que foram realizados em parceria com o Hemocentro da Para\u00edba. No per\u00edodo a que se refere o relat\u00f3rio, foram 892 exames, sendo 161 s\u00f3 este ano.<\/p>\n<\/div>\n<div class=\"mc-column content-text active-extra-styles \" data-block-type=\"unstyled\" data-block-weight=\"63\">\n<p class=\"content-text__container \" data-track-category=\"Link no Texto\" data-track-links=\"\">O N\u00facleo identifica alunos da rede municipal de ensino sem o nome do pai no registro e, a partir destas listas, conversa com as m\u00e3es e coleta dados dos supostos pais. As m\u00e3es recebem orienta\u00e7\u00e3o para incluir o nome do pai no registro dos filhos, realiza audi\u00eancias com esses homens e, em casos de d\u00favida, encaminham para a realiza\u00e7\u00e3o do exame de DNA.<\/p>\n<\/div>\n<div class=\"mc-column content-text active-extra-styles \" data-block-type=\"unstyled\" data-block-weight=\"24\">\n<p class=\"content-text__container \" data-track-category=\"Link no Texto\" data-track-links=\"\">Se n\u00e3o houve acordo, o N\u00facleo ajuiza a\u00e7\u00f5es para garantir o reconhecimento. Nestes 21 meses, foram instaurados 21,9 mil procedimentos em todo o estado.<\/p>\n<\/div>\n<p><strong>CARIRI EM A\u00c7\u00c3O<\/strong><\/p>\n<p><em>Com G1 \/Foto: Google<\/em><\/p>\n<p><strong>Leia mais not\u00edcias em\u00a0<\/strong><a href=\"http:\/\/www.caririemacao.com\/\"><strong>caririemacao.com<\/strong><\/a><strong>, siga nossa p\u00e1gina no\u00a0<\/strong><a href=\"https:\/\/www.facebook.com\/CaririEmAcao\/?ref=aymt_homepage_panel\"><strong>Facebook<\/strong><\/a>,<strong>\u00a0<\/strong><a href=\"https:\/\/www.instagram.com\/cariri_em_acao\/?hl=pt-br\"><strong>Instagram<\/strong><\/a><strong>\u00a0e <\/strong><a href=\"https:\/\/www.youtube.com\/channel\/UCAptA0jQuYQy8vMhLt2m4qg\"><strong>Youtube<\/strong><\/a><strong>\u00a0e veja nossas mat\u00e9rias, v\u00eddeos e fotos. Voc\u00ea tamb\u00e9m pode enviar informa\u00e7\u00f5es \u00e0 Reda\u00e7\u00e3o do Portal Cariri em A\u00e7\u00e3o pelo WhatsApp (83) 9 9634.5791, (83) 9 9601-1162.<\/strong><\/p>\n","protected":false},"excerpt":{"rendered":"<p>Nove pais reconhecem a paternidade de seus filhos que foram registrados apenas com o nome da m\u00e3e por semana na Para\u00edba. Em 21 meses, foram&hellip; <\/p>\n","protected":false},"author":2,"featured_media":26050,"comment_status":"closed","ping_status":"closed","sticky":false,"template":"","format":"standard","meta":{"sfsi_plus_gutenberg_text_before_share":"","sfsi_plus_gutenberg_show_text_before_share":"","sfsi_plus_gutenberg_icon_type":"","sfsi_plus_gutenberg_icon_alignemt":"","sfsi_plus_gutenburg_max_per_row":"","footnotes":""},"categories":[2],"tags":[],"class_list":["post-26049","post","type-post","status-publish","format-standard","has-post-thumbnail","hentry","category-geral"],"_links":{"self":[{"href":"https:\/\/www.caririemacao.com\/1\/wp-json\/wp\/v2\/posts\/26049","targetHints":{"allow":["GET"]}}],"collection":[{"href":"https:\/\/www.caririemacao.com\/1\/wp-json\/wp\/v2\/posts"}],"about":[{"href":"https:\/\/www.caririemacao.com\/1\/wp-json\/wp\/v2\/types\/post"}],"author":[{"embeddable":true,"href":"https:\/\/www.caririemacao.com\/1\/wp-json\/wp\/v2\/users\/2"}],"replies":[{"embeddable":true,"href":"https:\/\/www.caririemacao.com\/1\/wp-json\/wp\/v2\/comments?post=26049"}],"version-history":[{"count":0,"href":"https:\/\/www.caririemacao.com\/1\/wp-json\/wp\/v2\/posts\/26049\/revisions"}],"wp:featuredmedia":[{"embeddable":true,"href":"https:\/\/www.caririemacao.com\/1\/wp-json\/wp\/v2\/media\/26050"}],"wp:attachment":[{"href":"https:\/\/www.caririemacao.com\/1\/wp-json\/wp\/v2\/media?parent=26049"}],"wp:term":[{"taxonomy":"category","embeddable":true,"href":"https:\/\/www.caririemacao.com\/1\/wp-json\/wp\/v2\/categories?post=26049"},{"taxonomy":"post_tag","embeddable":true,"href":"https:\/\/www.caririemacao.com\/1\/wp-json\/wp\/v2\/tags?post=26049"}],"curies":[{"name":"wp","href":"https:\/\/api.w.org\/{rel}","templated":true}]}}