{"id":26052,"date":"2017-08-13T14:09:39","date_gmt":"2017-08-13T17:09:39","guid":{"rendered":"http:\/\/caririemacao.com\/1\/?p=26052"},"modified":"2017-08-13T14:09:39","modified_gmt":"2017-08-13T17:09:39","slug":"movimentos-sociais-que-derrubaram-dilma-divergem-em-relacao-a-temer","status":"publish","type":"post","link":"https:\/\/www.caririemacao.com\/1\/2017\/08\/13\/movimentos-sociais-que-derrubaram-dilma-divergem-em-relacao-a-temer\/","title":{"rendered":"Movimentos sociais que derrubaram Dilma divergem em rela\u00e7\u00e3o a Temer"},"content":{"rendered":"<p>Domingo, 13 de mar\u00e7o de 2016. Avenida Paulista. Cerca de 500 mil manifestantes pedem a sa\u00edda da presidente Dilma Rousseff (PT) no maior ato pol\u00edtico registrado na cidade de S\u00e3o Paulo. Nos bastidores, tr\u00eas principais movimentos sociais servem como lenha para as ruas: o MBL (Movimento Brasil Livre), o Vem pra Rua e o Nas Ruas.<\/p>\n<p>Quarta-feira, 2 de agosto de 2017. Bras\u00edlia. A C\u00e2mara dos Deputados barra a den\u00fancia em que a Procuradoria-Geral da Rep\u00fablica acusa o presidente Michel Temer de ter cometido crime de corrup\u00e7\u00e3o. Na avenida Paulista, somente um pequeno grupo de manifestantes de esquerda se encontra para assistir a vota\u00e7\u00e3o.<\/p>\n<p>A uni\u00e3o dos movimentos que protagonizaram o impeachment de Dilma est\u00e1 desfeita. Dos tr\u00eas, apenas o Vem pra Rua se declara favor\u00e1vel \u00e0 sa\u00edda de Temer. O grupo chegou a lan\u00e7ar o mapa &#8220;Afasta Temer&#8221;, contabilizando os votos dos deputados antes da vota\u00e7\u00e3o na C\u00e2mara. Al\u00e9m disso, prepara um ato para o dia 27 de agosto, em todo o Brasil, &#8220;contra a impunidade e pela renova\u00e7\u00e3o&#8221;.<\/p>\n<p>Rog\u00e9rio Chequer, l\u00edder do Vem pra Rua, diz \u00e0 reportagem que &#8220;a \u00fanica posi\u00e7\u00e3o poss\u00edvel de um movimento que defendeu a queda da Dilma \u00e9 defender a investiga\u00e7\u00e3o do Temer&#8221;.<\/p>\n<p>Ele prop\u00f5e um questionamento para quem defende o presidente: &#8220;Como voc\u00ea agiria se Lula ou Dilma tivessem passado pelos mesmos eventos que Temer?&#8221;<\/p>\n<p>J\u00e1 o MBL, ainda que a favor do arquivamento da den\u00fancia, tem dado maior aten\u00e7\u00e3o a outros temas, como as den\u00fancias contra o ex-presidente Lula e a crise na Venezuela.<\/p>\n<p>O l\u00edder Kim Kataguiri afirma que o grupo se posicionou contra a investiga\u00e7\u00e3o porque o afastamento de Temer &#8220;n\u00e3o mudaria absolutamente nada&#8221; e geraria mais instabilidade para o pa\u00eds.<\/p>\n<p>Para ele, o presidente s\u00f3 ser\u00e1 punido efetivamente quando deixar o cargo. &#8220;O Temer vai ser investigado de qualquer maneira. A den\u00fancia ser\u00e1 analisada depois que perder o foro privilegiado.&#8221;<\/p>\n<p>Kim tamb\u00e9m diz que a pena relativa \u00e0 den\u00fancia apresentada pela PGR \u00e9 &#8220;p\u00edfia&#8221; e que Temer deve ter tido &#8220;papel essencial&#8221; no petrol\u00e3o. &#8220;Com certeza os crimes que deve ter cometido no petrol\u00e3o, sendo vice da Dilma e tendo o tr\u00e2nsito no Congresso que ele tem, as penas a\u00ed sim s\u00e3o muito maiores.&#8221;<\/p>\n<p>O Nas Ruas, fundado na esteira da luta anticorrup\u00e7\u00e3o, tamb\u00e9m defende a perman\u00eancia de Temer, mas faz uso de um discurso mais agressivo. Em publica\u00e7\u00e3o no Facebook, o grupo chama Janot de &#8220;canalha&#8221; e afirma que ele tentou trazer de volta &#8220;sua quadrilha, seus chefes&#8221;.<\/p>\n<p>Segundo a l\u00edder Carla Zambelli, o movimento est\u00e1 priorizando outras pautas, como o fim da urna eletr\u00f4nica e que o STF possa julgar &#8220;casos parados h\u00e1 mais de dois anos&#8221;. &#8220;Estamos acreditando mais na renova\u00e7\u00e3o de 2018.&#8221;<\/p>\n<p>Questionada se n\u00e3o \u00e9 uma contradi\u00e7\u00e3o o grupo ter sido fundado para combater a corrup\u00e7\u00e3o e agora defender o arquivamento da den\u00fancia, Carla afirma que existem &#8220;n\u00edveis de corrup\u00e7\u00e3o&#8221;. &#8220;Existe muita corrup\u00e7\u00e3o e pouca corrup\u00e7\u00e3o. Quando coloca na balan\u00e7a a possibilidade de entrar uma pessoa como o Eun\u00edcio [Oliveira, presidente do Senado], \u00e9 uma quest\u00e3o de priorizar menos corrup\u00e7\u00e3o.&#8221;<\/p>\n<p><strong>NOVO GRUPO<\/strong><\/p>\n<p>Diante do v\u00e1cuo de movimentos centristas ou de direita que se posicionem pela sa\u00edda de Temer, novos grupos v\u00e3o surgindo. \u00c9 o caso do &#8220;Quero um Brasil \u00c9tico&#8221;, do ex-juiz Luiz Fl\u00e1vio Gomes.<\/p>\n<p>Segundo ele, a iniciativa ganhou energia quando movimentos como o MBL &#8220;arrefeceram&#8221;. Ele considera &#8220;lament\u00e1vel&#8221; a defesa da perman\u00eancia de Temer.<\/p>\n<p>O ex-juiz diz que seu movimento \u00e9 &#8220;suprapartid\u00e1rio&#8221; e contra a &#8220;classe pol\u00edtica podre&#8221;.<\/p>\n<p>&#8220;Criei o movimento como um espelho da indigna\u00e7\u00e3o popular. Botar gente com cabe\u00e7a diferente, que possa promover as reformas do pa\u00eds. O atual Congresso est\u00e1 desacreditado&#8221;, afirma Gomes, que deseja concorrer a deputado federal ou senador na elei\u00e7\u00e3o de 2018.<\/p>\n<p><strong>CARIRI EM A\u00c7\u00c3O<\/strong><\/p>\n<p><em>Com Folhapress \/Foto: Google<\/em><\/p>\n<p><strong>Leia mais not\u00edcias em\u00a0<\/strong><a href=\"http:\/\/www.caririemacao.com\/\"><strong>caririemacao.com<\/strong><\/a><strong>, siga nossa p\u00e1gina no\u00a0<\/strong><a href=\"https:\/\/www.facebook.com\/CaririEmAcao\/?ref=aymt_homepage_panel\"><strong>Facebook<\/strong><\/a>,<strong>\u00a0<\/strong><a href=\"https:\/\/www.instagram.com\/cariri_em_acao\/?hl=pt-br\"><strong>Instagram<\/strong><\/a><strong>\u00a0e <\/strong><a href=\"https:\/\/www.youtube.com\/channel\/UCAptA0jQuYQy8vMhLt2m4qg\"><strong>Youtube<\/strong><\/a><strong>\u00a0e veja nossas mat\u00e9rias, v\u00eddeos e fotos. Voc\u00ea tamb\u00e9m pode enviar informa\u00e7\u00f5es \u00e0 Reda\u00e7\u00e3o do Portal Cariri em A\u00e7\u00e3o pelo WhatsApp (83) 9 9634.5791, (83) 9 9601-1162.<\/strong><\/p>\n","protected":false},"excerpt":{"rendered":"<p>Domingo, 13 de mar\u00e7o de 2016. Avenida Paulista. Cerca de 500 mil manifestantes pedem a sa\u00edda da presidente Dilma Rousseff (PT) no maior ato pol\u00edtico&hellip; <\/p>\n","protected":false},"author":2,"featured_media":26053,"comment_status":"closed","ping_status":"closed","sticky":false,"template":"","format":"standard","meta":{"sfsi_plus_gutenberg_text_before_share":"","sfsi_plus_gutenberg_show_text_before_share":"","sfsi_plus_gutenberg_icon_type":"","sfsi_plus_gutenberg_icon_alignemt":"","sfsi_plus_gutenburg_max_per_row":"","footnotes":""},"categories":[2],"tags":[],"class_list":["post-26052","post","type-post","status-publish","format-standard","has-post-thumbnail","hentry","category-geral"],"_links":{"self":[{"href":"https:\/\/www.caririemacao.com\/1\/wp-json\/wp\/v2\/posts\/26052","targetHints":{"allow":["GET"]}}],"collection":[{"href":"https:\/\/www.caririemacao.com\/1\/wp-json\/wp\/v2\/posts"}],"about":[{"href":"https:\/\/www.caririemacao.com\/1\/wp-json\/wp\/v2\/types\/post"}],"author":[{"embeddable":true,"href":"https:\/\/www.caririemacao.com\/1\/wp-json\/wp\/v2\/users\/2"}],"replies":[{"embeddable":true,"href":"https:\/\/www.caririemacao.com\/1\/wp-json\/wp\/v2\/comments?post=26052"}],"version-history":[{"count":0,"href":"https:\/\/www.caririemacao.com\/1\/wp-json\/wp\/v2\/posts\/26052\/revisions"}],"wp:featuredmedia":[{"embeddable":true,"href":"https:\/\/www.caririemacao.com\/1\/wp-json\/wp\/v2\/media\/26053"}],"wp:attachment":[{"href":"https:\/\/www.caririemacao.com\/1\/wp-json\/wp\/v2\/media?parent=26052"}],"wp:term":[{"taxonomy":"category","embeddable":true,"href":"https:\/\/www.caririemacao.com\/1\/wp-json\/wp\/v2\/categories?post=26052"},{"taxonomy":"post_tag","embeddable":true,"href":"https:\/\/www.caririemacao.com\/1\/wp-json\/wp\/v2\/tags?post=26052"}],"curies":[{"name":"wp","href":"https:\/\/api.w.org\/{rel}","templated":true}]}}