{"id":26055,"date":"2017-08-13T14:20:28","date_gmt":"2017-08-13T17:20:28","guid":{"rendered":"http:\/\/caririemacao.com\/1\/?p=26055"},"modified":"2017-08-13T14:20:28","modified_gmt":"2017-08-13T17:20:28","slug":"classe-politica-enfrenta-rejeicao-generalizada","status":"publish","type":"post","link":"https:\/\/www.caririemacao.com\/1\/2017\/08\/13\/classe-politica-enfrenta-rejeicao-generalizada\/","title":{"rendered":"Classe pol\u00edtica enfrenta rejei\u00e7\u00e3o generalizada"},"content":{"rendered":"<p>A pouco mais de um ano das elei\u00e7\u00f5es para a Presid\u00eancia, os governos estaduais e o Congresso Nacional, os brasileiros manifestam rejei\u00e7\u00e3o generalizada \u00e0 classe pol\u00edtica, independentemente de partidos, e ao atual modelo de governo. Segundo pesquisa do instituto Ipsos, apenas 6% dos eleitores se sentem representados pelos pol\u00edticos em quem j\u00e1 votaram.<\/p>\n<p>Desde novembro do ano passado houve queda de nove pontos porcentuais na taxa dos que se consideram representados. A onda de negativismo contamina a percep\u00e7\u00e3o sobre a pr\u00f3pria democracia: s\u00f3 metade da popula\u00e7\u00e3o considera que esse \u00e9 o melhor regime para o Brasil, e um ter\u00e7o afirma que n\u00e3o \u00e9. Quando os eleitores s\u00e3o questionados especificamente sobre o modelo brasileiro de democracia, a taxa de apoio \u00e9 ainda mais baixa: 38% consideram que \u00e9 o melhor regime, e 47% discordam. A pesquisa tamb\u00e9m mostra que 74% s\u00e3o contra o voto obrigat\u00f3rio.<\/p>\n<p>Passado pouco mais de um ano das manifesta\u00e7\u00f5es de massa que culminaram no fim do governo petista de Dilma Rousseff, nada menos do que 81% dos entrevistados pelo Ipsos manifestaram concord\u00e2ncia com a afirma\u00e7\u00e3o de que \u201co problema do Pa\u00eds n\u00e3o \u00e9 o partido A ou B, mas o sistema pol\u00edtico\u201d.<\/p>\n<p>Para 94%, os pol\u00edticos que est\u00e3o no poder n\u00e3o representam a sociedade. Apenas 4% acham o contr\u00e1rio. Quem est\u00e1 na oposi\u00e7\u00e3o tamb\u00e9m \u00e9 alvo de desconfian\u00e7a. Quando a pergunta \u00e9 sobre os pol\u00edticos em quem os entrevistados j\u00e1 votaram em algum momento, 86% dizem n\u00e3o se sentir representados.<\/p>\n<p><strong>Dist\u00e2ncia.<\/strong>\u00a0\u201cSegundo a opini\u00e3o p\u00fablica, os eleitos n\u00e3o representam os eleitores\u201d, observa Rupak Patitunda, um dos respons\u00e1veis pela pesquisa Ipsos. \u201cA democracia no Brasil, desta forma, n\u00e3o \u00e9 representativa.\u201d<\/p>\n<p>S\u00f3 um em cada dez cidad\u00e3os v\u00ea o Brasil como um pa\u00eds onde a democracia \u00e9 respeitada. Para 86%, isso n\u00e3o ocorre. \u201cA pr\u00f3pria democracia, o que se espera de seu conceito, n\u00e3o \u00e9 respeitada\u201d, afirma o pesquisador. \u201cH\u00e1 uma expectativa sobre o regime que n\u00e3o \u00e9 atendida pelos seus clientes.\u201d<\/p>\n<p>A percep\u00e7\u00e3o de desrespeito \u00e0s normas democr\u00e1ticas pode estar relacionada \u00e0 ideia de desigualdade. Para 96% dos entrevistados pelo instituto, todos devem ser iguais perante a lei, mas somente 15% consideram que essa regra \u00e9 devidamente observada no Brasil.<\/p>\n<p>\u00c9 tamb\u00e9m quase consensual a no\u00e7\u00e3o de que a corrup\u00e7\u00e3o \u00e9 um entrave para que o Pa\u00eds alcance um n\u00edvel mais avan\u00e7ado de desenvolvimento.<\/p>\n<p>Nove em cada dez eleitores concordam com as avalia\u00e7\u00f5es de que \u201co Brasil tem riquezas suficientes para ser um pa\u00eds de primeiro mundo\u201d, de que \u201co Brasil poderia ser um pa\u00eds de primeiro mundo se n\u00e3o fosse a a\u00e7\u00e3o da corrup\u00e7\u00e3o\u201d e de que \u201co Brasil ainda pode ser um pa\u00eds de primeiro mundo quando acabar com a corrup\u00e7\u00e3o\u201d.<\/p>\n<p><strong>\u2018Causas comuns\u2019.<\/strong>\u00a0Os dados do Ipsos mostram que, ap\u00f3s um ciclo de acirramento da polariza\u00e7\u00e3o pol\u00edtica no Pa\u00eds, h\u00e1 uma \u00e2nsia por iniciativas de concilia\u00e7\u00e3o. Nada menos do que 88% dos entrevistados concordam com a afirma\u00e7\u00e3o de que \u201cas pessoas deveriam se unir em torno das causas comuns, e n\u00e3o brigar por partido A ou partido B\u201d. Parcela similar considera que \u201cbrigar por partido A ou B faz com que as pessoas n\u00e3o discutam os reais problemas do Brasil\u201d.<\/p>\n<p>Os dados do Ipsos s\u00e3o parte de um levantamento chamado Pulso Brasil, feito mensalmente desde 2005 para monitorar a opini\u00e3o p\u00fablica sobre pol\u00edtica, economia, consumo e quest\u00f5es sociais. Foram ouvidas 1,2 mil pessoas, em 72 munic\u00edpios, entre 1.\u00ba e 14 de julho. A margem de erro \u00e9 de tr\u00eas pontos porcentuais para mais ou para menos.<\/p>\n<p><strong>CARIRI EM A\u00c7\u00c3O<\/strong><\/p>\n<p><em>Com Estad\u00e3o \/Foto: Google<\/em><\/p>\n<p><strong>Leia mais not\u00edcias em\u00a0<\/strong><a href=\"http:\/\/www.caririemacao.com\/\"><strong>caririemacao.com<\/strong><\/a><strong>, siga nossa p\u00e1gina no\u00a0<\/strong><a href=\"https:\/\/www.facebook.com\/CaririEmAcao\/?ref=aymt_homepage_panel\"><strong>Facebook<\/strong><\/a>,<strong>\u00a0<\/strong><a href=\"https:\/\/www.instagram.com\/cariri_em_acao\/?hl=pt-br\"><strong>Instagram<\/strong><\/a><strong>\u00a0e <\/strong><a href=\"https:\/\/www.youtube.com\/channel\/UCAptA0jQuYQy8vMhLt2m4qg\"><strong>Youtube<\/strong><\/a><strong>\u00a0e veja nossas mat\u00e9rias, v\u00eddeos e fotos. Voc\u00ea tamb\u00e9m pode enviar informa\u00e7\u00f5es \u00e0 Reda\u00e7\u00e3o do Portal Cariri em A\u00e7\u00e3o pelo WhatsApp (83) 9 9634.5791, (83) 9 9601-1162.<\/strong><\/p>\n","protected":false},"excerpt":{"rendered":"<p>A pouco mais de um ano das elei\u00e7\u00f5es para a Presid\u00eancia, os governos estaduais e o Congresso Nacional, os brasileiros manifestam rejei\u00e7\u00e3o generalizada \u00e0 classe&hellip; <\/p>\n","protected":false},"author":2,"featured_media":17789,"comment_status":"closed","ping_status":"closed","sticky":false,"template":"","format":"standard","meta":{"sfsi_plus_gutenberg_text_before_share":"","sfsi_plus_gutenberg_show_text_before_share":"","sfsi_plus_gutenberg_icon_type":"","sfsi_plus_gutenberg_icon_alignemt":"","sfsi_plus_gutenburg_max_per_row":"","footnotes":""},"categories":[11],"tags":[],"class_list":["post-26055","post","type-post","status-publish","format-standard","has-post-thumbnail","hentry","category-politica"],"_links":{"self":[{"href":"https:\/\/www.caririemacao.com\/1\/wp-json\/wp\/v2\/posts\/26055","targetHints":{"allow":["GET"]}}],"collection":[{"href":"https:\/\/www.caririemacao.com\/1\/wp-json\/wp\/v2\/posts"}],"about":[{"href":"https:\/\/www.caririemacao.com\/1\/wp-json\/wp\/v2\/types\/post"}],"author":[{"embeddable":true,"href":"https:\/\/www.caririemacao.com\/1\/wp-json\/wp\/v2\/users\/2"}],"replies":[{"embeddable":true,"href":"https:\/\/www.caririemacao.com\/1\/wp-json\/wp\/v2\/comments?post=26055"}],"version-history":[{"count":0,"href":"https:\/\/www.caririemacao.com\/1\/wp-json\/wp\/v2\/posts\/26055\/revisions"}],"wp:featuredmedia":[{"embeddable":true,"href":"https:\/\/www.caririemacao.com\/1\/wp-json\/wp\/v2\/media\/17789"}],"wp:attachment":[{"href":"https:\/\/www.caririemacao.com\/1\/wp-json\/wp\/v2\/media?parent=26055"}],"wp:term":[{"taxonomy":"category","embeddable":true,"href":"https:\/\/www.caririemacao.com\/1\/wp-json\/wp\/v2\/categories?post=26055"},{"taxonomy":"post_tag","embeddable":true,"href":"https:\/\/www.caririemacao.com\/1\/wp-json\/wp\/v2\/tags?post=26055"}],"curies":[{"name":"wp","href":"https:\/\/api.w.org\/{rel}","templated":true}]}}