{"id":26060,"date":"2017-08-14T08:30:12","date_gmt":"2017-08-14T11:30:12","guid":{"rendered":"http:\/\/caririemacao.com\/1\/?p=26060"},"modified":"2017-08-15T10:28:11","modified_gmt":"2017-08-15T13:28:11","slug":"gestao-municipal-de-caraubas-inicia-discussao-sobre-o-ppa","status":"publish","type":"post","link":"https:\/\/www.caririemacao.com\/1\/2017\/08\/14\/gestao-municipal-de-caraubas-inicia-discussao-sobre-o-ppa\/","title":{"rendered":"Gest\u00e3o Municipal de Cara\u00fabas inicia discuss\u00e3o sobre o PPA"},"content":{"rendered":"<p>A Prefeitura Municipal de Cara\u00fabas iniciou na \u00faltima sexta-feira, dia 11 de Agosto do corrente, as discuss\u00f5es referentes ao Planejamento Plurianual do munic\u00edpio para os pr\u00f3ximos quatro anos de gest\u00e3o. Participaram da reuni\u00e3o realizada no audit\u00f3rio da C\u00e2mara Municipal de Vereadores, todas as secretarias municipais e o contador geral do munic\u00edpio, Joilto Brito.<\/p>\n<p>O PPA \u00e9 um instrumento previsto no art. 165 da Constitui\u00e7\u00e3o Federal destinado a organizar e viabilizar a a\u00e7\u00e3o p\u00fablica, com vistas a cumprir os fundamentos e os objetivos do Poder Executivo. Por meio dele, \u00e9 declarado o conjunto das pol\u00edticas p\u00fablicas do governo para um per\u00edodo de 4 anos e os caminhos trilhados para viabilizar as metas previstas.<\/p>\n<p>O prefeito Silvano Dudu que esteve ausente deste primeiro encontro disse que o PPA define as pol\u00edticas p\u00fablicas do Governo Municipal para construir um Munic\u00edpio melhor, com base nos compromissos firmados na elei\u00e7\u00e3o. Temos muita coisa para ser feita e nossos compromissos assumidos com a popula\u00e7\u00e3o de Cara\u00fabas ser\u00e3o cumpridos com essa importante ferramenta de discuss\u00e3o, a Lei do PPA, disse ele.<\/p>\n<p>De forma in\u00e9dita e cumprindo o que determina a legisla\u00e7\u00e3o \u00e9 a primeira vez que o munic\u00edpio adota a forma de populariza\u00e7\u00e3o das discuss\u00f5es da elabora\u00e7\u00e3o do PPA, ouvindo toda equipe de secret\u00e1rios e t\u00e9cnicos do munic\u00edpio, bem como, a sociedade caraubense que ter\u00e1 a oportunidade de participar em audi\u00eancias p\u00fablicas.<\/p>\n<p>Os secret\u00e1rios municipais tiveram a oportunidade de fazer uma leitura atualizada das principais demandas do munic\u00edpio, relatando as dificuldades encontradas pela atual gest\u00e3o no tocante a falta de infraestrutura e de informa\u00e7\u00f5es para a elabora\u00e7\u00e3o da mais importante pe\u00e7a do arcabou\u00e7o fiscal, econ\u00f4mico e democr\u00e1tico de uma gest\u00e3o.<\/p>\n<p>De acordo com o Secret\u00e1rio do Planejamento do munic\u00edpio, jornalista Eduardo Belo, ser\u00e3o realizadas 02 (duas) audi\u00eancias p\u00fablicas, sendo uma na sede do munic\u00edpio e a outra no Distrito de Barreiras. A id\u00e9ia \u00e9 levarmos a todas as comunidades as propostas que ser\u00e3o elencadas pela atual gest\u00e3o municipal a pedido do pr\u00f3prio prefeito que determinou que nenhuma comunidade dever\u00e1 ficar desassistida com programas e projetos, concluiu.<\/p>\n<p><strong>CARIRI EM A\u00c7\u00c3O<\/strong><\/p>\n<p><em>Com<\/em> <em>SEPLACOM \/Foto: Rom\u00e1rio<\/em><\/p>\n<p><strong>Leia mais not\u00edcias em\u00a0<\/strong><a href=\"http:\/\/www.caririemacao.com\/\"><strong>caririemacao.com<\/strong><\/a><strong>, siga nossa p\u00e1gina no\u00a0<\/strong><a href=\"https:\/\/www.facebook.com\/CaririEmAcao\/?ref=aymt_homepage_panel\"><strong>Facebook<\/strong><\/a>,<strong>\u00a0<\/strong><a href=\"https:\/\/www.instagram.com\/cariri_em_acao\/?hl=pt-br\"><strong>Instagram<\/strong><\/a><strong>\u00a0e <\/strong><a href=\"https:\/\/www.youtube.com\/channel\/UCAptA0jQuYQy8vMhLt2m4qg\"><strong>Youtube<\/strong><\/a><strong>\u00a0e veja nossas mat\u00e9rias, v\u00eddeos e fotos. Voc\u00ea tamb\u00e9m pode enviar informa\u00e7\u00f5es \u00e0 Reda\u00e7\u00e3o do Portal Cariri em A\u00e7\u00e3o pelo WhatsApp (83) 9 9634.5791, (83) 9 9601-1162.<\/strong><\/p>\n<p>&nbsp;<\/p>\n","protected":false},"excerpt":{"rendered":"<p>A Prefeitura Municipal de Cara\u00fabas iniciou na \u00faltima sexta-feira, dia 11 de Agosto do corrente, as discuss\u00f5es referentes ao Planejamento Plurianual do munic\u00edpio para os&hellip; <\/p>\n","protected":false},"author":2,"featured_media":26061,"comment_status":"closed","ping_status":"closed","sticky":false,"template":"","format":"standard","meta":{"sfsi_plus_gutenberg_text_before_share":"","sfsi_plus_gutenberg_show_text_before_share":"","sfsi_plus_gutenberg_icon_type":"","sfsi_plus_gutenberg_icon_alignemt":"","sfsi_plus_gutenburg_max_per_row":"","footnotes":""},"categories":[6],"tags":[],"class_list":["post-26060","post","type-post","status-publish","format-standard","has-post-thumbnail","hentry","category-cidades"],"_links":{"self":[{"href":"https:\/\/www.caririemacao.com\/1\/wp-json\/wp\/v2\/posts\/26060","targetHints":{"allow":["GET"]}}],"collection":[{"href":"https:\/\/www.caririemacao.com\/1\/wp-json\/wp\/v2\/posts"}],"about":[{"href":"https:\/\/www.caririemacao.com\/1\/wp-json\/wp\/v2\/types\/post"}],"author":[{"embeddable":true,"href":"https:\/\/www.caririemacao.com\/1\/wp-json\/wp\/v2\/users\/2"}],"replies":[{"embeddable":true,"href":"https:\/\/www.caririemacao.com\/1\/wp-json\/wp\/v2\/comments?post=26060"}],"version-history":[{"count":0,"href":"https:\/\/www.caririemacao.com\/1\/wp-json\/wp\/v2\/posts\/26060\/revisions"}],"wp:featuredmedia":[{"embeddable":true,"href":"https:\/\/www.caririemacao.com\/1\/wp-json\/wp\/v2\/media\/26061"}],"wp:attachment":[{"href":"https:\/\/www.caririemacao.com\/1\/wp-json\/wp\/v2\/media?parent=26060"}],"wp:term":[{"taxonomy":"category","embeddable":true,"href":"https:\/\/www.caririemacao.com\/1\/wp-json\/wp\/v2\/categories?post=26060"},{"taxonomy":"post_tag","embeddable":true,"href":"https:\/\/www.caririemacao.com\/1\/wp-json\/wp\/v2\/tags?post=26060"}],"curies":[{"name":"wp","href":"https:\/\/api.w.org\/{rel}","templated":true}]}}