{"id":26071,"date":"2017-08-13T15:18:48","date_gmt":"2017-08-13T18:18:48","guid":{"rendered":"http:\/\/caririemacao.com\/1\/?p=26071"},"modified":"2017-08-13T15:22:10","modified_gmt":"2017-08-13T18:22:10","slug":"ex-contador-da-prefeitura-de-santo-andre-morre-prefeita-emite-nota-de-pesar","status":"publish","type":"post","link":"https:\/\/www.caririemacao.com\/1\/2017\/08\/13\/ex-contador-da-prefeitura-de-santo-andre-morre-prefeita-emite-nota-de-pesar\/","title":{"rendered":"Ex-contador da Prefeitura de Santo Andr\u00e9 morre; Prefeita emite Nota de Pesar"},"content":{"rendered":"<div>A Prefeitura de Santo Andr\u00e9, na pessoa da prefeita Silvana Marinho manifesta o seu mais profundo pesar pelo falecimento do ex-contador deste Munic\u00edpio Djair Morais, ocorrido neste domingo, 13 de Agosto. Djair que prestou servi\u00e7os como contador na gest\u00e3o do ex- prefeito Dr\u00ba Marinho e na gest\u00e3o de Silvana Marinho nos anos de 2013 a 2016.<\/div>\n<div>O servidor estava em sua resid\u00eancia, quando, na manh\u00e3 deste domingo(13\/08), teve um mal s\u00fabito, Conduzido imediatamente \u00e0 unidade, o servidor veio a falecer.<\/div>\n<div>&#8220;Neste momento de dor, a Administra\u00e7\u00e3o Municipal e todos os companheiros de trabalho se solidarizam com familiares e amigos&#8221;, disse a prefeita Silvana Marinho.<\/div>\n<div>Djair Morais era casado e deixa filhos. O corpo do servidor ser\u00e1 velado e o sepultamento ocorrer\u00e1 nesta Segunda feira (14) \u00e0s 08 horas no Cemit\u00e9rio Campos Santo da Paz.<\/div>\n<div><\/div>\n<div>CARIRI EM A\u00c7\u00c3O<\/div>\n<div>Ascom<\/div>\n","protected":false},"excerpt":{"rendered":"<p>A Prefeitura de Santo Andr\u00e9, na pessoa da prefeita Silvana Marinho manifesta o seu mais profundo pesar pelo falecimento do ex-contador deste Munic\u00edpio Djair Morais,&hellip; <\/p>\n","protected":false},"author":2,"featured_media":26075,"comment_status":"closed","ping_status":"closed","sticky":false,"template":"","format":"standard","meta":{"sfsi_plus_gutenberg_text_before_share":"","sfsi_plus_gutenberg_show_text_before_share":"","sfsi_plus_gutenberg_icon_type":"","sfsi_plus_gutenberg_icon_alignemt":"","sfsi_plus_gutenburg_max_per_row":"","footnotes":""},"categories":[2],"tags":[],"class_list":["post-26071","post","type-post","status-publish","format-standard","has-post-thumbnail","hentry","category-geral"],"_links":{"self":[{"href":"https:\/\/www.caririemacao.com\/1\/wp-json\/wp\/v2\/posts\/26071","targetHints":{"allow":["GET"]}}],"collection":[{"href":"https:\/\/www.caririemacao.com\/1\/wp-json\/wp\/v2\/posts"}],"about":[{"href":"https:\/\/www.caririemacao.com\/1\/wp-json\/wp\/v2\/types\/post"}],"author":[{"embeddable":true,"href":"https:\/\/www.caririemacao.com\/1\/wp-json\/wp\/v2\/users\/2"}],"replies":[{"embeddable":true,"href":"https:\/\/www.caririemacao.com\/1\/wp-json\/wp\/v2\/comments?post=26071"}],"version-history":[{"count":0,"href":"https:\/\/www.caririemacao.com\/1\/wp-json\/wp\/v2\/posts\/26071\/revisions"}],"wp:featuredmedia":[{"embeddable":true,"href":"https:\/\/www.caririemacao.com\/1\/wp-json\/wp\/v2\/media\/26075"}],"wp:attachment":[{"href":"https:\/\/www.caririemacao.com\/1\/wp-json\/wp\/v2\/media?parent=26071"}],"wp:term":[{"taxonomy":"category","embeddable":true,"href":"https:\/\/www.caririemacao.com\/1\/wp-json\/wp\/v2\/categories?post=26071"},{"taxonomy":"post_tag","embeddable":true,"href":"https:\/\/www.caririemacao.com\/1\/wp-json\/wp\/v2\/tags?post=26071"}],"curies":[{"name":"wp","href":"https:\/\/api.w.org\/{rel}","templated":true}]}}