{"id":260749,"date":"2022-12-13T07:00:20","date_gmt":"2022-12-13T10:00:20","guid":{"rendered":"https:\/\/www.caririemacao.com\/1\/?p=260749"},"modified":"2022-12-13T07:00:20","modified_gmt":"2022-12-13T10:00:20","slug":"salario-minimo-sobe-para-r-1-302-em-1o-de-janeiro","status":"publish","type":"post","link":"https:\/\/www.caririemacao.com\/1\/2022\/12\/13\/salario-minimo-sobe-para-r-1-302-em-1o-de-janeiro\/","title":{"rendered":"Sal\u00e1rio m\u00ednimo sobe para R$ 1.302 em 1\u00ba de janeiro"},"content":{"rendered":"<div class=\"row\">\n<p class=\"col-10 offset-1 animated fadeInDown dealy-900 display-8 display-md-8 alt-font font-italic my-1 text-center\" style=\"text-align: center;\"><em><strong>Novo valor est\u00e1 em medida provis\u00f3ria no Di\u00e1rio Oficial de hoje<\/strong><\/em><\/p>\n<p>A partir de 1\u00ba de janeiro de 2023, o sal\u00e1rio m\u00ednimo, que atualmente \u00e9 de R$ 1.212, ser\u00e1 de R$ 1.302.<img decoding=\"async\" data-src=\"https:\/\/agenciabrasil.ebc.com.br\/ebc.png?id=1498040&amp;o=node\" src=\"data:image\/svg+xml;base64,PHN2ZyB3aWR0aD0iMSIgaGVpZ2h0PSIxIiB4bWxucz0iaHR0cDovL3d3dy53My5vcmcvMjAwMC9zdmciPjwvc3ZnPg==\" class=\"lazyload\" \/><img decoding=\"async\" data-src=\"https:\/\/agenciabrasil.ebc.com.br\/ebc.gif?id=1498040&amp;o=node\" src=\"data:image\/svg+xml;base64,PHN2ZyB3aWR0aD0iMSIgaGVpZ2h0PSIxIiB4bWxucz0iaHR0cDovL3d3dy53My5vcmcvMjAwMC9zdmciPjwvc3ZnPg==\" class=\"lazyload\" \/><\/p>\n<p>O valor atualizado est\u00e1 em uma\u00a0medida provis\u00f3ria publicada ontem segunda-feira (12) no <em>Di\u00e1rio Oficial da Uni\u00e3o<\/em>.<\/p>\n<p>Em nota, a Secretaria-Geral da Presid\u00eancia da Rep\u00fablica explicou que valor considera uma varia\u00e7\u00e3o da infla\u00e7\u00e3o de 5,81%, acrescida de ganho real de cerca de 1,5%.<\/p>\n<p>&#8220;O valor de R$ 1.302,00 se refere ao sal\u00e1rio m\u00ednimo nacional. O valor \u00e9 aplic\u00e1vel a todos os trabalhadores, do setor p\u00fablico e privado, como tamb\u00e9m para as aposentadorias e pens\u00f5es&#8221;, acrescenta a nota.<\/p>\n<p>Por se tratar de medida provis\u00f3ria, o texto ter\u00e1 de ser analisado por deputados e senadores. O mesmo novo valor para o sal\u00e1rio m\u00ednimo j\u00e1 estava previsto no projeto de Lei Or\u00e7ament\u00e1ria Anual (LOA) de 2023, que foi enviado ao Congresso Nacional em agosto.<\/p>\n<p>FONTE: Ag\u00eancia Brasil<\/p>\n<\/div>\n","protected":false},"excerpt":{"rendered":"<p>Novo valor est\u00e1 em medida provis\u00f3ria no Di\u00e1rio Oficial de hoje A partir de 1\u00ba de janeiro de 2023, o sal\u00e1rio m\u00ednimo, que atualmente \u00e9&hellip; <\/p>\n","protected":false},"author":6,"featured_media":260750,"comment_status":"closed","ping_status":"closed","sticky":false,"template":"","format":"standard","meta":{"sfsi_plus_gutenberg_text_before_share":"","sfsi_plus_gutenberg_show_text_before_share":"","sfsi_plus_gutenberg_icon_type":"","sfsi_plus_gutenberg_icon_alignemt":"","sfsi_plus_gutenburg_max_per_row":"","footnotes":""},"categories":[50],"tags":[],"class_list":["post-260749","post","type-post","status-publish","format-standard","has-post-thumbnail","hentry","category-destaque"],"_links":{"self":[{"href":"https:\/\/www.caririemacao.com\/1\/wp-json\/wp\/v2\/posts\/260749","targetHints":{"allow":["GET"]}}],"collection":[{"href":"https:\/\/www.caririemacao.com\/1\/wp-json\/wp\/v2\/posts"}],"about":[{"href":"https:\/\/www.caririemacao.com\/1\/wp-json\/wp\/v2\/types\/post"}],"author":[{"embeddable":true,"href":"https:\/\/www.caririemacao.com\/1\/wp-json\/wp\/v2\/users\/6"}],"replies":[{"embeddable":true,"href":"https:\/\/www.caririemacao.com\/1\/wp-json\/wp\/v2\/comments?post=260749"}],"version-history":[{"count":1,"href":"https:\/\/www.caririemacao.com\/1\/wp-json\/wp\/v2\/posts\/260749\/revisions"}],"predecessor-version":[{"id":260751,"href":"https:\/\/www.caririemacao.com\/1\/wp-json\/wp\/v2\/posts\/260749\/revisions\/260751"}],"wp:featuredmedia":[{"embeddable":true,"href":"https:\/\/www.caririemacao.com\/1\/wp-json\/wp\/v2\/media\/260750"}],"wp:attachment":[{"href":"https:\/\/www.caririemacao.com\/1\/wp-json\/wp\/v2\/media?parent=260749"}],"wp:term":[{"taxonomy":"category","embeddable":true,"href":"https:\/\/www.caririemacao.com\/1\/wp-json\/wp\/v2\/categories?post=260749"},{"taxonomy":"post_tag","embeddable":true,"href":"https:\/\/www.caririemacao.com\/1\/wp-json\/wp\/v2\/tags?post=260749"}],"curies":[{"name":"wp","href":"https:\/\/api.w.org\/{rel}","templated":true}]}}