{"id":26076,"date":"2017-08-13T23:26:55","date_gmt":"2017-08-14T02:26:55","guid":{"rendered":"http:\/\/caririemacao.com\/1\/?p=26076"},"modified":"2017-08-13T23:28:25","modified_gmt":"2017-08-14T02:28:25","slug":"prefeita-de-monteiro-parabeniza-todos-os-pais-monteirenses","status":"publish","type":"post","link":"https:\/\/www.caririemacao.com\/1\/2017\/08\/13\/prefeita-de-monteiro-parabeniza-todos-os-pais-monteirenses\/","title":{"rendered":"Prefeita de Monteiro parabeniza todos os pais monteirenses"},"content":{"rendered":"<p>A prefeita Anna Lorena parabenizou todos os pais monteirenses atrav\u00e9s de mensagens veiculadas nas redes sociais e portais de not\u00edcias.<\/p>\n<div><\/div>\n<div><strong>Em nota divulgada neste domingo, 13 de agosto a prefeita de Monteiro registra:<\/strong><\/div>\n<div><\/div>\n<div><em>\u201cNeste domingo 13 de agosto, dia t\u00e3o especial em que celebramos a grandeza de todos os pais, transmito a minha homenagem a todos os pais monteirenses, que durante toda uma vida est\u00e3o sempre presentes e constantes na vida de seus filhos, algu\u00e9m que \u00e9 a for\u00e7a e a estabilidade mesmo nos momentos mais dif\u00edceis.<\/em><\/div>\n<div><em>\u00a0<\/em><\/div>\n<div><em>Feliz Dia dos!<\/em><\/div>\n<div><em>\u00a0<\/em><\/div>\n<div><em>ANNA LORENA DE FARIAS LEITE N\u00d3BREGA<\/em><\/div>\n<div><\/div>\n<div>\n<p><strong>CARIRI EM A\u00c7\u00c3O<\/strong><\/p>\n<p><em>Com Ascom Foto:Cariri em A\u00e7\u00e3o\u00a0<\/em><\/p>\n<p><strong>Leia mais not\u00edcias em\u00a0<\/strong><a href=\"http:\/\/www.caririemacao.com\/\"><strong>caririemacao.com<\/strong><\/a><strong>, siga nossa p\u00e1gina no\u00a0<\/strong><a href=\"https:\/\/www.facebook.com\/CaririEmAcao\/?ref=aymt_homepage_panel\"><strong>Facebook<\/strong><\/a>,<strong>\u00a0<\/strong><a href=\"https:\/\/www.instagram.com\/cariri_em_acao\/?hl=pt-br\"><strong>Instagram<\/strong><\/a><strong>\u00a0e <\/strong><a href=\"https:\/\/www.youtube.com\/channel\/UCAptA0jQuYQy8vMhLt2m4qg\"><strong>Youtube<\/strong><\/a><strong>\u00a0e veja nossas mat\u00e9rias, v\u00eddeos e fotos. Voc\u00ea tamb\u00e9m pode enviar informa\u00e7\u00f5es \u00e0 Reda\u00e7\u00e3o do Portal Cariri em A\u00e7\u00e3o pelo WhatsApp (83) 9 9634.5791, (83) 9 9601-1162.<\/strong><\/p>\n<\/div>\n","protected":false},"excerpt":{"rendered":"<p>A prefeita Anna Lorena parabenizou todos os pais monteirenses atrav\u00e9s de mensagens veiculadas nas redes sociais e portais de not\u00edcias. Em nota divulgada neste domingo,&hellip; <\/p>\n","protected":false},"author":2,"featured_media":14254,"comment_status":"closed","ping_status":"closed","sticky":false,"template":"","format":"standard","meta":{"sfsi_plus_gutenberg_text_before_share":"","sfsi_plus_gutenberg_show_text_before_share":"","sfsi_plus_gutenberg_icon_type":"","sfsi_plus_gutenberg_icon_alignemt":"","sfsi_plus_gutenburg_max_per_row":"","footnotes":""},"categories":[2],"tags":[],"class_list":["post-26076","post","type-post","status-publish","format-standard","has-post-thumbnail","hentry","category-geral"],"_links":{"self":[{"href":"https:\/\/www.caririemacao.com\/1\/wp-json\/wp\/v2\/posts\/26076","targetHints":{"allow":["GET"]}}],"collection":[{"href":"https:\/\/www.caririemacao.com\/1\/wp-json\/wp\/v2\/posts"}],"about":[{"href":"https:\/\/www.caririemacao.com\/1\/wp-json\/wp\/v2\/types\/post"}],"author":[{"embeddable":true,"href":"https:\/\/www.caririemacao.com\/1\/wp-json\/wp\/v2\/users\/2"}],"replies":[{"embeddable":true,"href":"https:\/\/www.caririemacao.com\/1\/wp-json\/wp\/v2\/comments?post=26076"}],"version-history":[{"count":0,"href":"https:\/\/www.caririemacao.com\/1\/wp-json\/wp\/v2\/posts\/26076\/revisions"}],"wp:featuredmedia":[{"embeddable":true,"href":"https:\/\/www.caririemacao.com\/1\/wp-json\/wp\/v2\/media\/14254"}],"wp:attachment":[{"href":"https:\/\/www.caririemacao.com\/1\/wp-json\/wp\/v2\/media?parent=26076"}],"wp:term":[{"taxonomy":"category","embeddable":true,"href":"https:\/\/www.caririemacao.com\/1\/wp-json\/wp\/v2\/categories?post=26076"},{"taxonomy":"post_tag","embeddable":true,"href":"https:\/\/www.caririemacao.com\/1\/wp-json\/wp\/v2\/tags?post=26076"}],"curies":[{"name":"wp","href":"https:\/\/api.w.org\/{rel}","templated":true}]}}