{"id":26128,"date":"2017-08-14T13:11:54","date_gmt":"2017-08-14T16:11:54","guid":{"rendered":"http:\/\/caririemacao.com\/1\/?p=26128"},"modified":"2017-08-14T18:47:25","modified_gmt":"2017-08-14T21:47:25","slug":"prefeitura-de-sume-governo-da-paraiba-e-centro-vida-nordeste-implementam-tecnologias-sociais-de-armazenamento-de-agua-para-producao","status":"publish","type":"post","link":"https:\/\/www.caririemacao.com\/1\/2017\/08\/14\/prefeitura-de-sume-governo-da-paraiba-e-centro-vida-nordeste-implementam-tecnologias-sociais-de-armazenamento-de-agua-para-producao\/","title":{"rendered":"Prefeitura de Sum\u00e9, Governo da Para\u00edba e Centro Vida Nordeste implementam Tecnologias Sociais de armazenamento de \u00e1gua para produ\u00e7\u00e3o"},"content":{"rendered":"<p>Com o objetivo de promover o desenvolvimento rural sustent\u00e1vel no Munic\u00edpio de Sum\u00e9, a Prefeitura de Sum\u00e9, o Governo da Para\u00edba e o Centro Vida Nordeste, atrav\u00e9s do Programa Segunda \u00c1gua implementaram 64 tecnologias sociais para armazenamento de \u00e1gua para produ\u00e7\u00e3o agropecu\u00e1ria.<\/p>\n<p>Foram constru\u00eddas 44 cisternas cal\u00e7ad\u00e3o, 11 cisternas de enxurrada, quatro barragens subterr\u00e2neas e quatro barreiros trincheira. Com essa a\u00e7\u00e3o, os agricultores familiares beneficiados poder\u00e3o armazenar mais \u00e1gua e ampliar sua produ\u00e7\u00e3o agropecu\u00e1ria, garantindo sua soberania alimentar, ofertando mais alimentos para o mercado local e contribuindo com toda a economia do munic\u00edpio.<\/p>\n<p><img fetchpriority=\"high\" decoding=\"async\" class=\"aligncenter wp-image-26131 size-large\" src=\"http:\/\/caririemacao.com\/1\/wp-content\/uploads\/2017\/08\/IMG-20161026-WA0011-1024x768.jpg\" alt=\"\" width=\"800\" height=\"600\" srcset=\"https:\/\/www.caririemacao.com\/1\/wp-content\/uploads\/2017\/08\/IMG-20161026-WA0011-1024x768.jpg 1024w, https:\/\/www.caririemacao.com\/1\/wp-content\/uploads\/2017\/08\/IMG-20161026-WA0011-300x225.jpg 300w, https:\/\/www.caririemacao.com\/1\/wp-content\/uploads\/2017\/08\/IMG-20161026-WA0011-768x576.jpg 768w, https:\/\/www.caririemacao.com\/1\/wp-content\/uploads\/2017\/08\/IMG-20161026-WA0011.jpg 1280w\" sizes=\"(max-width: 800px) 100vw, 800px\" \/><\/p>\n<p>O prefeito \u00c9den Duarte compreende que essas a\u00e7\u00f5es de armazenamento de \u00e1gua potencializam a produ\u00e7\u00e3o agropecu\u00e1ria. \u201cEstamos lutando diuturnamente juntamente com nossa equipe e com parceiros para que Sum\u00e9 tenha mais a\u00e7\u00f5es de armazenamento, capta\u00e7\u00e3o e distribui\u00e7\u00e3o de \u00e1gua na zona rural, uma vez que essas a\u00e7\u00f5es refletem em desenvolvimento sustent\u00e1vel para o munic\u00edpio\u201d, declarou \u00c9den.<\/p>\n<p><a href=\"http:\/\/caririemacao.com\/1\/wp-content\/uploads\/2017\/08\/IMG-20161026-WA0010.jpg\"><img decoding=\"async\" class=\"aligncenter wp-image-26130 size-full lazyload\" data-src=\"http:\/\/caririemacao.com\/1\/wp-content\/uploads\/2017\/08\/IMG-20161026-WA0010.jpg\" alt=\"\" width=\"1280\" height=\"960\" data-srcset=\"https:\/\/www.caririemacao.com\/1\/wp-content\/uploads\/2017\/08\/IMG-20161026-WA0010.jpg 1280w, https:\/\/www.caririemacao.com\/1\/wp-content\/uploads\/2017\/08\/IMG-20161026-WA0010-300x225.jpg 300w, https:\/\/www.caririemacao.com\/1\/wp-content\/uploads\/2017\/08\/IMG-20161026-WA0010-768x576.jpg 768w, https:\/\/www.caririemacao.com\/1\/wp-content\/uploads\/2017\/08\/IMG-20161026-WA0010-1024x768.jpg 1024w\" data-sizes=\"(max-width: 1280px) 100vw, 1280px\" src=\"data:image\/svg+xml;base64,PHN2ZyB3aWR0aD0iMSIgaGVpZ2h0PSIxIiB4bWxucz0iaHR0cDovL3d3dy53My5vcmcvMjAwMC9zdmciPjwvc3ZnPg==\" style=\"--smush-placeholder-width: 1280px; --smush-placeholder-aspect-ratio: 1280\/960;\" \/><\/a><\/p>\n<p>De acordo com o agricultor Jos\u00e9 Vanderley, do s\u00edtio Carna\u00faba, que foi beneficiado com a tecnologia cisterna de enxurrada, essa a\u00e7\u00e3o ir\u00e1 propiciar um aumento na oferta de alimentos e refor\u00e7ar a renda de sua fam\u00edlia.<\/p>\n<p>O diretor presidente do Centro Vida Nordeste, Luzim\u00e1rio Ferreira de Almeida afirma que esses projetos contribuem consideravelmente com a fixa\u00e7\u00e3o do homem no campo e a gera\u00e7\u00e3o de emprego e renda na economia local, e que parcerias entre a Prefeitura, Centro Vida Nordeste e Governo da Para\u00edba est\u00e3o contribuindo com o desenvolvimento rural sustent\u00e1vel em Sum\u00e9.<\/p>\n<p><strong>CARIRI EM A\u00c7\u00c3O<\/strong><\/p>\n<p><em>Com Ascom\/Foto: Google<\/em><\/p>\n<p><strong>Leia mais not\u00edcias em\u00a0<\/strong><a href=\"http:\/\/www.caririemacao.com\/\"><strong>caririemacao.com<\/strong><\/a><strong>, siga nossa p\u00e1gina no\u00a0<\/strong><a href=\"https:\/\/www.facebook.com\/CaririEmAcao\/?ref=aymt_homepage_panel\"><strong>Facebook<\/strong><\/a>,<strong>\u00a0<\/strong><a href=\"https:\/\/www.instagram.com\/cariri_em_acao\/?hl=pt-br\"><strong>Instagram<\/strong><\/a><strong>\u00a0e <\/strong><a href=\"https:\/\/www.youtube.com\/channel\/UCAptA0jQuYQy8vMhLt2m4qg\"><strong>Youtube<\/strong><\/a><strong>\u00a0e veja nossas mat\u00e9rias, v\u00eddeos e fotos. Voc\u00ea tamb\u00e9m pode enviar informa\u00e7\u00f5es \u00e0 Reda\u00e7\u00e3o do Portal Cariri em A\u00e7\u00e3o pelo WhatsApp (83) 9 9634.5791, (83) 9 9601-1162.<\/strong><\/p>\n","protected":false},"excerpt":{"rendered":"<p>Com o objetivo de promover o desenvolvimento rural sustent\u00e1vel no Munic\u00edpio de Sum\u00e9, a Prefeitura de Sum\u00e9, o Governo da Para\u00edba e o Centro Vida&hellip; <\/p>\n","protected":false},"author":2,"featured_media":26129,"comment_status":"closed","ping_status":"closed","sticky":false,"template":"","format":"standard","meta":{"sfsi_plus_gutenberg_text_before_share":"","sfsi_plus_gutenberg_show_text_before_share":"","sfsi_plus_gutenberg_icon_type":"","sfsi_plus_gutenberg_icon_alignemt":"","sfsi_plus_gutenburg_max_per_row":"","footnotes":""},"categories":[2],"tags":[],"class_list":["post-26128","post","type-post","status-publish","format-standard","has-post-thumbnail","hentry","category-geral"],"_links":{"self":[{"href":"https:\/\/www.caririemacao.com\/1\/wp-json\/wp\/v2\/posts\/26128","targetHints":{"allow":["GET"]}}],"collection":[{"href":"https:\/\/www.caririemacao.com\/1\/wp-json\/wp\/v2\/posts"}],"about":[{"href":"https:\/\/www.caririemacao.com\/1\/wp-json\/wp\/v2\/types\/post"}],"author":[{"embeddable":true,"href":"https:\/\/www.caririemacao.com\/1\/wp-json\/wp\/v2\/users\/2"}],"replies":[{"embeddable":true,"href":"https:\/\/www.caririemacao.com\/1\/wp-json\/wp\/v2\/comments?post=26128"}],"version-history":[{"count":0,"href":"https:\/\/www.caririemacao.com\/1\/wp-json\/wp\/v2\/posts\/26128\/revisions"}],"wp:featuredmedia":[{"embeddable":true,"href":"https:\/\/www.caririemacao.com\/1\/wp-json\/wp\/v2\/media\/26129"}],"wp:attachment":[{"href":"https:\/\/www.caririemacao.com\/1\/wp-json\/wp\/v2\/media?parent=26128"}],"wp:term":[{"taxonomy":"category","embeddable":true,"href":"https:\/\/www.caririemacao.com\/1\/wp-json\/wp\/v2\/categories?post=26128"},{"taxonomy":"post_tag","embeddable":true,"href":"https:\/\/www.caririemacao.com\/1\/wp-json\/wp\/v2\/tags?post=26128"}],"curies":[{"name":"wp","href":"https:\/\/api.w.org\/{rel}","templated":true}]}}