{"id":261449,"date":"2022-12-29T15:15:35","date_gmt":"2022-12-29T18:15:35","guid":{"rendered":"https:\/\/www.caririemacao.com\/1\/?p=261449"},"modified":"2022-12-29T15:15:35","modified_gmt":"2022-12-29T18:15:35","slug":"lula-oficializa-simone-tebet-e-marina-silva-como-ministras-centrao-ganha-espaco","status":"publish","type":"post","link":"https:\/\/www.caririemacao.com\/1\/2022\/12\/29\/lula-oficializa-simone-tebet-e-marina-silva-como-ministras-centrao-ganha-espaco\/","title":{"rendered":"Lula oficializa Simone Tebet e Marina Silva como ministras; Centr\u00e3o ganha espa\u00e7o"},"content":{"rendered":"<p>O presidente diplomado Lu\u00eds In\u00e1cio Lula da Silva (PT) oficializou na tarde desta quinta-feira (29) a senadora Simone Tebet (MDB) como ministra do Planejamento e a deputada federal eleita Marina Silva (Rede) como ministra do Meio Ambiente.<\/p>\n<p>O petista tamb\u00e9m anunciou pastas que ainda estavam sem comando. Os minist\u00e9rios ser\u00e3o comandados por indicados do PSD, Uni\u00e3o Brasil e PDT. Confira a lista de ministros anunciados hoje:<\/p>\n<p>\u2013 ministra do Planejamento: Simone Tebet (MDB)<\/p>\n<p>\u2013 ministra do Meio Ambiente: Marina Silva (Rede)<\/p>\n<p>\u2013 ministro do Gabinete de Seguran\u00e7a Institucional: Gon\u00e7alves Dias<\/p>\n<p>\u2013 secret\u00e1rio de Comunica\u00e7\u00e3o: Paulo Pimenta (PT)<\/p>\n<p>\u2013 ministro da Agricultura e Agropecu\u00e1ria: Carlos Favaro (indica\u00e7\u00e3o do PSD)<\/p>\n<p>\u2013\u00a0 ministro da Integra\u00e7\u00e3o Nacional: Waldez G\u00f3es (indica\u00e7\u00e3o do Uni\u00e3o Brasil)<\/p>\n<p>\u2013\u00a0 ministro da Pesca: Andr\u00e9 de Paula (indica\u00e7\u00e3o do PSD)<\/p>\n<p>\u2013\u00a0 ministro da Previd\u00eancia: Carlos Luppi (indica\u00e7\u00e3o do PDT)<\/p>\n<p>\u2013\u00a0 ministro das Cidades: Jader Filho (indica\u00e7\u00e3o do MDB)<\/p>\n<p>\u2013\u00a0 ministro das Comunica\u00e7\u00f5es: Juscelino Filho (indica\u00e7\u00e3o do Uni\u00e3o Brasil)<\/p>\n<p>\u2013\u00a0 ministro de Minas e Energia: Alexandre Silveira (indica\u00e7\u00e3o do PSD)<\/p>\n<p>\u2013\u00a0 ministro do Desenvolvimento Agr\u00e1rio: Paulo Teixeira (PT)<\/p>\n<p>\u2013 ministra dos Esportes: Ana Mouser<\/p>\n<p>\u2013 ministra do Turismo: Daniela Souza (indica\u00e7\u00e3o do Uni\u00e3o Brasil)<\/p>\n<p>\u2013 ministra dos Povos Origin\u00e1rios: Sonia Guajajara<\/p>\n<p>\u2013 ministro dos Transportes: Renan Filho (indica\u00e7\u00e3o do MDB)<\/p>\n<p><strong>L\u00edderes na Congresso\u00a0<\/strong><\/p>\n<p>O presidente Lula tamb\u00e9m anunciou os nomes dos parlamentares que v\u00e3o liderar o governo no Congresso Nacional. Na C\u00e2mara dos Deputados, a lideran\u00e7a ficar\u00e1 com o deputado federal Jos\u00e9 Guimar\u00e3es (PT-CE).<\/p>\n<p>J\u00e1 no Senado, o l\u00edder ser\u00e1 o Jarques Wagner (PT-BA). O senador Randolfe Rodrigues (Rede-AP) ser\u00e1 o l\u00edder no Congresso.<\/p>\n","protected":false},"excerpt":{"rendered":"<p>O presidente diplomado Lu\u00eds In\u00e1cio Lula da Silva (PT) oficializou na tarde desta quinta-feira (29) a senadora Simone Tebet (MDB) como ministra do Planejamento e&hellip; <\/p>\n","protected":false},"author":6,"featured_media":261450,"comment_status":"closed","ping_status":"closed","sticky":false,"template":"","format":"standard","meta":{"sfsi_plus_gutenberg_text_before_share":"","sfsi_plus_gutenberg_show_text_before_share":"","sfsi_plus_gutenberg_icon_type":"","sfsi_plus_gutenberg_icon_alignemt":"","sfsi_plus_gutenburg_max_per_row":"","footnotes":""},"categories":[123],"tags":[],"class_list":["post-261449","post","type-post","status-publish","format-standard","has-post-thumbnail","hentry","category-brasil"],"_links":{"self":[{"href":"https:\/\/www.caririemacao.com\/1\/wp-json\/wp\/v2\/posts\/261449","targetHints":{"allow":["GET"]}}],"collection":[{"href":"https:\/\/www.caririemacao.com\/1\/wp-json\/wp\/v2\/posts"}],"about":[{"href":"https:\/\/www.caririemacao.com\/1\/wp-json\/wp\/v2\/types\/post"}],"author":[{"embeddable":true,"href":"https:\/\/www.caririemacao.com\/1\/wp-json\/wp\/v2\/users\/6"}],"replies":[{"embeddable":true,"href":"https:\/\/www.caririemacao.com\/1\/wp-json\/wp\/v2\/comments?post=261449"}],"version-history":[{"count":1,"href":"https:\/\/www.caririemacao.com\/1\/wp-json\/wp\/v2\/posts\/261449\/revisions"}],"predecessor-version":[{"id":261451,"href":"https:\/\/www.caririemacao.com\/1\/wp-json\/wp\/v2\/posts\/261449\/revisions\/261451"}],"wp:featuredmedia":[{"embeddable":true,"href":"https:\/\/www.caririemacao.com\/1\/wp-json\/wp\/v2\/media\/261450"}],"wp:attachment":[{"href":"https:\/\/www.caririemacao.com\/1\/wp-json\/wp\/v2\/media?parent=261449"}],"wp:term":[{"taxonomy":"category","embeddable":true,"href":"https:\/\/www.caririemacao.com\/1\/wp-json\/wp\/v2\/categories?post=261449"},{"taxonomy":"post_tag","embeddable":true,"href":"https:\/\/www.caririemacao.com\/1\/wp-json\/wp\/v2\/tags?post=261449"}],"curies":[{"name":"wp","href":"https:\/\/api.w.org\/{rel}","templated":true}]}}