{"id":261452,"date":"2022-12-29T16:12:28","date_gmt":"2022-12-29T19:12:28","guid":{"rendered":"https:\/\/www.caririemacao.com\/1\/?p=261452"},"modified":"2022-12-29T17:34:48","modified_gmt":"2022-12-29T20:34:48","slug":"pele-nao-resiste-ao-tratamento-contra-cancer-e-morre-nesta-quinta-aos-82-anos","status":"publish","type":"post","link":"https:\/\/www.caririemacao.com\/1\/2022\/12\/29\/pele-nao-resiste-ao-tratamento-contra-cancer-e-morre-nesta-quinta-aos-82-anos\/","title":{"rendered":"Pel\u00e9 n\u00e3o resiste ao tratamento contra c\u00e2ncer e morre nesta quinta aos 82 anos"},"content":{"rendered":"<p>O ex-jogador de futebol e lenda do futebol brasileiro, Edson Arantes do Nascimento, mais conhecido como Pel\u00e9, faleceu nesta tarde de quinta-feira (29). O craque lutava contra um c\u00e2ncer do c\u00f3lon (intestino grosso) e enfrentava dificuldades respirat\u00f3rias, mas n\u00e3o resistiu e teve fal\u00eancia m\u00faltipla dos \u00f3rg\u00e3os.<\/p>\n<p>Ele estava internado no Hospital Albert Einstein h\u00e1 mais de um m\u00eas, desde o dia 29 novembro. De acordo com o \u00faltimo boletim m\u00e9dico, do dia 21 de dezembro, o c\u00e2ncer mostrava uma progress\u00e3o para outros \u00f3rg\u00e3os, aumentando disfun\u00e7\u00f5es renais e card\u00edacas.<\/p>\n<p>O tratamento para se curar da doen\u00e7a n\u00e3o estava mais obtendo qualquer tipo de resultado, ent\u00e3o o processo passou a ser paliativo.<\/p>\n<p>&nbsp;<\/p>\n<p>MaisPB<\/p>\n","protected":false},"excerpt":{"rendered":"<p>O ex-jogador de futebol e lenda do futebol brasileiro, Edson Arantes do Nascimento, mais conhecido como Pel\u00e9, faleceu nesta tarde de quinta-feira (29). O craque&hellip; <\/p>\n","protected":false},"author":6,"featured_media":260394,"comment_status":"closed","ping_status":"closed","sticky":false,"template":"","format":"standard","meta":{"sfsi_plus_gutenberg_text_before_share":"","sfsi_plus_gutenberg_show_text_before_share":"","sfsi_plus_gutenberg_icon_type":"","sfsi_plus_gutenberg_icon_alignemt":"","sfsi_plus_gutenburg_max_per_row":"","footnotes":""},"categories":[123],"tags":[],"class_list":["post-261452","post","type-post","status-publish","format-standard","has-post-thumbnail","hentry","category-brasil"],"_links":{"self":[{"href":"https:\/\/www.caririemacao.com\/1\/wp-json\/wp\/v2\/posts\/261452","targetHints":{"allow":["GET"]}}],"collection":[{"href":"https:\/\/www.caririemacao.com\/1\/wp-json\/wp\/v2\/posts"}],"about":[{"href":"https:\/\/www.caririemacao.com\/1\/wp-json\/wp\/v2\/types\/post"}],"author":[{"embeddable":true,"href":"https:\/\/www.caririemacao.com\/1\/wp-json\/wp\/v2\/users\/6"}],"replies":[{"embeddable":true,"href":"https:\/\/www.caririemacao.com\/1\/wp-json\/wp\/v2\/comments?post=261452"}],"version-history":[{"count":2,"href":"https:\/\/www.caririemacao.com\/1\/wp-json\/wp\/v2\/posts\/261452\/revisions"}],"predecessor-version":[{"id":261454,"href":"https:\/\/www.caririemacao.com\/1\/wp-json\/wp\/v2\/posts\/261452\/revisions\/261454"}],"wp:featuredmedia":[{"embeddable":true,"href":"https:\/\/www.caririemacao.com\/1\/wp-json\/wp\/v2\/media\/260394"}],"wp:attachment":[{"href":"https:\/\/www.caririemacao.com\/1\/wp-json\/wp\/v2\/media?parent=261452"}],"wp:term":[{"taxonomy":"category","embeddable":true,"href":"https:\/\/www.caririemacao.com\/1\/wp-json\/wp\/v2\/categories?post=261452"},{"taxonomy":"post_tag","embeddable":true,"href":"https:\/\/www.caririemacao.com\/1\/wp-json\/wp\/v2\/tags?post=261452"}],"curies":[{"name":"wp","href":"https:\/\/api.w.org\/{rel}","templated":true}]}}