{"id":261457,"date":"2022-12-30T10:08:55","date_gmt":"2022-12-30T13:08:55","guid":{"rendered":"https:\/\/www.caririemacao.com\/1\/?p=261457"},"modified":"2022-12-30T10:08:55","modified_gmt":"2022-12-30T13:08:55","slug":"presidente-da-camara-de-sume-faz-balanco-positivo-de-sua-gestao-a-frente-do-legislativo-do-municipio","status":"publish","type":"post","link":"https:\/\/www.caririemacao.com\/1\/2022\/12\/30\/presidente-da-camara-de-sume-faz-balanco-positivo-de-sua-gestao-a-frente-do-legislativo-do-municipio\/","title":{"rendered":"Presidente da C\u00e2mara de Sum\u00e9 faz balan\u00e7o positivo de sua gest\u00e3o \u00e0 frente do Legislativo do munic\u00edpio"},"content":{"rendered":"<p>O presidente da C\u00e2mara de Vereadores de Sum\u00e9, Ant\u00f4nio Carlos Sarmento, participou nesta quinta-feira (29), do jornalismo da R\u00e1dio 95fm. Na ocasi\u00e3o ele fez um balan\u00e7o positivo da sua gest\u00e3o \u00e0 frente da C\u00e2mara Municipal no bi\u00eanio 2021\/2022.<\/p>\n<p>Ant\u00f4nio Carlos ressaltou a grande produtividade dos vereadores na apresenta\u00e7\u00e3o de projetos e requerimentos, objetivando melhorar as condi\u00e7\u00f5es de vida dos sumeenses.<\/p>\n<p>O vereador falou sobre a valoriza\u00e7\u00e3o dos servidores municipais. \u201cQuando eu assumi tive a oportunidade de reajustar em mais de 40% os vencimentos dos servidores que h\u00e1 anos aguardavam esse reconhecimento\u201d, afirmou.<\/p>\n<p>Ant\u00f4nio Carlos pontuou as melhorias na sede do Poder Legislativo. \u201cEm nossa gest\u00e3o realizamos a troca dos ares condicionados, a reforma do pr\u00e9dio, melhoramento nas salas, padroniza\u00e7\u00e3o visual, ilumina\u00e7\u00e3o de led no plen\u00e1rio e na fachada, entre outras a\u00e7\u00f5es\u201d, disse.<\/p>\n<p>O vereador lembrou que em sua gest\u00e3o foi inaugurado a galeria de ex-prefeitos denominada de Genival Paulino de Souza (Vav\u00e1) e a galeria de ex-presidentes que homenageou o ex-vereador Jos\u00e9 Batista Gon\u00e7alves (Z\u00e9 Rodrigues).<\/p>\n<p>Durante a entrevista, o parlamentar ressaltou a realiza\u00e7\u00e3o da primeira sess\u00e3o itinerante da hist\u00f3ria do Poder Legislativo. O encontro foi realizado no Distrito de Pio X e contou com uma grande participa\u00e7\u00e3o da popula\u00e7\u00e3o, que teve a oportunidade de usar a palavra para fazer questionamentos aos vereadores.<\/p>\n<p>Outra marca da administra\u00e7\u00e3o do vereador Ant\u00f4nio Carlos foi a entrega de t\u00edtulos de cidad\u00e3o sumeense. \u201cT\u00ednhamos homenagens aprovadas h\u00e1 mais de quinze anos, tivemos a oportunidade de realizar algumas sess\u00f5es solenes para zerar a fila de t\u00edtulos a serem entregues\u201d, disse.<\/p>\n<p>Ant\u00f4nio Carlos agradeceu aos demais vereadores, ao prefeito \u00c9den Duarte, vice-prefeito Manezinho Louren\u00e7o e aos familiares pelo apoio e reafirmou seu compromisso com o munic\u00edpio. \u201cEstou entregando o comando do Poder Legislativo com a sensa\u00e7\u00e3o de dever cumprido, continuarei trabalhando na constru\u00e7\u00e3o de um munic\u00edpio cada vez melhor\u201d, pontuou.<\/p>\n<p>Ascom\/C\u00e2mara<\/p>\n","protected":false},"excerpt":{"rendered":"<p>O presidente da C\u00e2mara de Vereadores de Sum\u00e9, Ant\u00f4nio Carlos Sarmento, participou nesta quinta-feira (29), do jornalismo da R\u00e1dio 95fm. Na ocasi\u00e3o ele fez um&hellip; <\/p>\n","protected":false},"author":6,"featured_media":261458,"comment_status":"closed","ping_status":"closed","sticky":false,"template":"","format":"standard","meta":{"sfsi_plus_gutenberg_text_before_share":"","sfsi_plus_gutenberg_show_text_before_share":"","sfsi_plus_gutenberg_icon_type":"","sfsi_plus_gutenberg_icon_alignemt":"","sfsi_plus_gutenburg_max_per_row":"","footnotes":""},"categories":[95],"tags":[],"class_list":["post-261457","post","type-post","status-publish","format-standard","has-post-thumbnail","hentry","category-sume"],"_links":{"self":[{"href":"https:\/\/www.caririemacao.com\/1\/wp-json\/wp\/v2\/posts\/261457","targetHints":{"allow":["GET"]}}],"collection":[{"href":"https:\/\/www.caririemacao.com\/1\/wp-json\/wp\/v2\/posts"}],"about":[{"href":"https:\/\/www.caririemacao.com\/1\/wp-json\/wp\/v2\/types\/post"}],"author":[{"embeddable":true,"href":"https:\/\/www.caririemacao.com\/1\/wp-json\/wp\/v2\/users\/6"}],"replies":[{"embeddable":true,"href":"https:\/\/www.caririemacao.com\/1\/wp-json\/wp\/v2\/comments?post=261457"}],"version-history":[{"count":1,"href":"https:\/\/www.caririemacao.com\/1\/wp-json\/wp\/v2\/posts\/261457\/revisions"}],"predecessor-version":[{"id":261459,"href":"https:\/\/www.caririemacao.com\/1\/wp-json\/wp\/v2\/posts\/261457\/revisions\/261459"}],"wp:featuredmedia":[{"embeddable":true,"href":"https:\/\/www.caririemacao.com\/1\/wp-json\/wp\/v2\/media\/261458"}],"wp:attachment":[{"href":"https:\/\/www.caririemacao.com\/1\/wp-json\/wp\/v2\/media?parent=261457"}],"wp:term":[{"taxonomy":"category","embeddable":true,"href":"https:\/\/www.caririemacao.com\/1\/wp-json\/wp\/v2\/categories?post=261457"},{"taxonomy":"post_tag","embeddable":true,"href":"https:\/\/www.caririemacao.com\/1\/wp-json\/wp\/v2\/tags?post=261457"}],"curies":[{"name":"wp","href":"https:\/\/api.w.org\/{rel}","templated":true}]}}