{"id":261460,"date":"2022-12-30T10:15:48","date_gmt":"2022-12-30T13:15:48","guid":{"rendered":"https:\/\/www.caririemacao.com\/1\/?p=261460"},"modified":"2022-12-30T10:15:48","modified_gmt":"2022-12-30T13:15:48","slug":"forum-regional-de-turismo-do-cariri-paraibano-e-formalizado","status":"publish","type":"post","link":"https:\/\/www.caririemacao.com\/1\/2022\/12\/30\/forum-regional-de-turismo-do-cariri-paraibano-e-formalizado\/","title":{"rendered":"F\u00f3rum Regional de Turismo do Cariri Paraibano \u00e9 formalizado"},"content":{"rendered":"<p>\u201cForam anos de espera, de muita luta, de v\u00e1rios encontros e desencontros, de ansiedade, de batalhas, mais o grande dia felizmente chegou!\u201d<\/p>\n<p>Essa descri\u00e7\u00e3o empolgada \u00e9 do presidente do F\u00f3rum Regional de Turismo do Cariri Paraibano, jornalista Eduardo Belo, do munic\u00edpio de Cara\u00fabas.<\/p>\n<p>Ele anunciou nesta quinta-feira, 29, o registro do F\u00f3rum. Com isto, o Cariri disp\u00f5e de uma inst\u00e2ncia de governan\u00e7a para fortalecer o turismo na integralidade, segundo o presidente do F\u00f3rum.<\/p>\n<p>\u201cAgora \u00e9 de fato e de direito! Reunimos toda documenta\u00e7\u00e3o necess\u00e1ria para que esse momento fosse concretizado. Quero agradecer aos amigos e municipios parceiros que acreditaram nesse esfor\u00e7o coletivo\u201d, enfatizou Belo.<\/p>\n<p><img decoding=\"async\" data-src=\"https:\/\/i1.wp.com\/www.caririligado.com.br\/wp-content\/uploads\/2022\/12\/IMG-20221230-WA0023.jpg?resize=750%2C750&amp;quality=90&amp;strip=all&amp;ssl=1\" src=\"data:image\/svg+xml;base64,PHN2ZyB3aWR0aD0iMSIgaGVpZ2h0PSIxIiB4bWxucz0iaHR0cDovL3d3dy53My5vcmcvMjAwMC9zdmciPjwvc3ZnPg==\" class=\"lazyload\" \/><\/p>\n<p>O prefeito de Carna\u00fabas, Silvano Dudu, apoiou a formaliza\u00e7\u00e3o do F\u00f3rum, que se organizou para agregar os dez munic\u00edpios da Rota Cariri Cultural a um projeto de desenvolvimento territorial por meio do Turismo Rural.<\/p>\n<p>A meta do F\u00f3rum \u00e9 inserir cada vez mais munic\u00edpios no Mapa de Regionaliza\u00e7\u00e3o do Turismo do Brasil. Uma das metas para este ano foi a retomada das atividades do F\u00f3rum com dezenas de reuni\u00f5es ao longo do ano e agora sua formaliza\u00e7\u00e3o.<\/p>\n<p>As cidades de Monteiro, Cabaceiras, Tapero\u00e1 e Boqueir\u00e3o, compuseram a nova diretoria. O perfil do F\u00f3rum no Instagram \u00e9 @for_umturcariri , onde est\u00e3o sendo informadas as a\u00e7\u00f5es do grupo.<\/p>\n<p>Ascom \u2013 Vald\u00edvia Costa<\/p>\n","protected":false},"excerpt":{"rendered":"<p>\u201cForam anos de espera, de muita luta, de v\u00e1rios encontros e desencontros, de ansiedade, de batalhas, mais o grande dia felizmente chegou!\u201d Essa descri\u00e7\u00e3o empolgada&hellip; <\/p>\n","protected":false},"author":6,"featured_media":261461,"comment_status":"closed","ping_status":"closed","sticky":false,"template":"","format":"standard","meta":{"sfsi_plus_gutenberg_text_before_share":"","sfsi_plus_gutenberg_show_text_before_share":"","sfsi_plus_gutenberg_icon_type":"","sfsi_plus_gutenberg_icon_alignemt":"","sfsi_plus_gutenburg_max_per_row":"","footnotes":""},"categories":[106],"tags":[],"class_list":["post-261460","post","type-post","status-publish","format-standard","has-post-thumbnail","hentry","category-cariri"],"_links":{"self":[{"href":"https:\/\/www.caririemacao.com\/1\/wp-json\/wp\/v2\/posts\/261460","targetHints":{"allow":["GET"]}}],"collection":[{"href":"https:\/\/www.caririemacao.com\/1\/wp-json\/wp\/v2\/posts"}],"about":[{"href":"https:\/\/www.caririemacao.com\/1\/wp-json\/wp\/v2\/types\/post"}],"author":[{"embeddable":true,"href":"https:\/\/www.caririemacao.com\/1\/wp-json\/wp\/v2\/users\/6"}],"replies":[{"embeddable":true,"href":"https:\/\/www.caririemacao.com\/1\/wp-json\/wp\/v2\/comments?post=261460"}],"version-history":[{"count":1,"href":"https:\/\/www.caririemacao.com\/1\/wp-json\/wp\/v2\/posts\/261460\/revisions"}],"predecessor-version":[{"id":261462,"href":"https:\/\/www.caririemacao.com\/1\/wp-json\/wp\/v2\/posts\/261460\/revisions\/261462"}],"wp:featuredmedia":[{"embeddable":true,"href":"https:\/\/www.caririemacao.com\/1\/wp-json\/wp\/v2\/media\/261461"}],"wp:attachment":[{"href":"https:\/\/www.caririemacao.com\/1\/wp-json\/wp\/v2\/media?parent=261460"}],"wp:term":[{"taxonomy":"category","embeddable":true,"href":"https:\/\/www.caririemacao.com\/1\/wp-json\/wp\/v2\/categories?post=261460"},{"taxonomy":"post_tag","embeddable":true,"href":"https:\/\/www.caririemacao.com\/1\/wp-json\/wp\/v2\/tags?post=261460"}],"curies":[{"name":"wp","href":"https:\/\/api.w.org\/{rel}","templated":true}]}}