{"id":261463,"date":"2022-12-30T10:17:00","date_gmt":"2022-12-30T13:17:00","guid":{"rendered":"https:\/\/www.caririemacao.com\/1\/?p=261463"},"modified":"2022-12-30T10:17:00","modified_gmt":"2022-12-30T13:17:00","slug":"sete-senadores-comandarao-ministerios-no-governo-lula","status":"publish","type":"post","link":"https:\/\/www.caririemacao.com\/1\/2022\/12\/30\/sete-senadores-comandarao-ministerios-no-governo-lula\/","title":{"rendered":"Sete senadores comandar\u00e3o Minist\u00e9rios no Governo Lula"},"content":{"rendered":"<p>Tr\u00eas senadores em exerc\u00edcio e quatro eleitos para a pr\u00f3xima legislatura devem assumir o comando de minist\u00e9rios na gest\u00e3o do presidente Luiz In\u00e1cio Lula da Silva. Alexandre Silveira (PSD-MG), Carlos F\u00e1varo (PSD-MT) e Simone Tebet (MDB-MS) assumem as pastas de Minas e Energia; Agricultura e Pecu\u00e1ria; e Planejamento e Or\u00e7amento, respectivamente. Entre os parlamentares eleitos, foram anunciados os seguintes nomes:<\/p>\n<p>\u2022 Camilo Santana (PT-CE), Educa\u00e7\u00e3o;<\/p>\n<p>\u2022 Fl\u00e1vio Dino (PSB-MA), Justi\u00e7a e Seguran\u00e7a P\u00fablica;<\/p>\n<p>\u2022 Renan Filho (MDB-AL), Transportes; e<\/p>\n<p>\u2022 Wellington Dias (PT-PI), Desenvolvimento Social, Assist\u00eancia, Fam\u00edlia e Combate \u00e0 Fome.<\/p>\n<p>Todos eles come\u00e7am a despachar na Esplanada dos Minist\u00e9rios na segunda-feira (2). No dia 1\u00ba de fevereiro \u2014 durante a sess\u00e3o preparat\u00f3ria do Senado que dar\u00e1 posse aos 27 parlamentares eleitos em outubro \u2014 Camilo Santana, Fl\u00e1vio Dino, Renan Filho e Wellington Dias devem se afastar temporariamente das fun\u00e7\u00f5es no Poder Executivo para assumir formalmente os mandatos no Legislativo.<\/p>\n<p>Logo ap\u00f3s serem empossados como senadores, os cinco retornam aos minist\u00e9rios e deixam as cadeiras no Senado com os suplentes de cada chapa. De acordo com a Constitui\u00e7\u00e3o Federal, o deputado ou o senador investido em cargo de ministro n\u00e3o perde o mandato parlamentar e pode a voltar a atuar no Congresso Nacional.<\/p>\n<h3><b>Suplentes eleitos<\/b><\/h3>\n<p>Camilo Santana foi governador do Cear\u00e1 entre 2015 e 2022, al\u00e9m de deputado estadual e secret\u00e1rio de Desenvolvimento Agr\u00e1rio e de Cidades. Com a ida dele para a Educa\u00e7\u00e3o, a vaga no Senado fica com uma das suplentes: Augusta Brito (PT) ou Janaina Farias (PT).<\/p>\n<p>Fl\u00e1vio Dino foi governador do Maranh\u00e3o entre 2015 e 2022, deputado federal e juiz de direito. Enquanto ele estiver na Justi\u00e7a, o mandato deve ser exercido por Ana Paula Lobato (PSB) ou Lourdinha (PCdoB).<\/p>\n<p>Wellington Dias foi senador entre 2011 e 2014, al\u00e9m de vereador, deputado estadual, deputado federal e governador do Piau\u00ed por quatro mandatos. Com a ida dele para o Desenvolvimento Social, a cadeira no Senado deve ficar com Jussara Lima (PSD) ou Jos\u00e9 Amauri (Solidariedade).<\/p>\n<p>Renan Filho (MDB-AL) foi governador de Alagoas entre 2015 e 2022, al\u00e9m de prefeito de Murici (AL) e deputado federal. Enquanto ele estiver nos Transportes, a cadeira no Senado fica com Fernando Farias (MDB) ou Ad\u00e9lia Maria (PV).<\/p>\n<h3><b>Suplentes atuais<\/b><\/h3>\n<p>Carlos F\u00e1varo tem mandato parlamentar at\u00e9 2027. Ap\u00f3s a nomea\u00e7\u00e3o para o Minist\u00e9rio da Agricultura, a vaga no Senado deve ficar com Margareth Buzetti ou Jos\u00e9 Esteves de Lacerda Filho, ambos rec\u00e9m filiados ao PSD.<\/p>\n<p>O mandato de Simone Tebet termina no dia 1\u00ba de fevereiro. At\u00e9 o final da atual legislatura, a cadeira dela no Senado deve ser ocupada por Celso Dal Lago Rodrigues (MDB) ou Moacir Kohl (PSB).<\/p>\n<p>Alexandre Silveira tamb\u00e9m se despede do Senado em 1\u00ba de fevereiro. Ele foi eleito como primeiro suplente do ent\u00e3o senador Antonio Anastasia, nomeado neste ano para o Tribunal de Contas da Uni\u00e3o (TCU). Com a ida para o Minist\u00e9rio das Minas e Energia, a vaga deve ser ocupada pelo segundo suplente, Lael Vieira Varella (Uni\u00e3o).<\/p>\n","protected":false},"excerpt":{"rendered":"<p>Tr\u00eas senadores em exerc\u00edcio e quatro eleitos para a pr\u00f3xima legislatura devem assumir o comando de minist\u00e9rios na gest\u00e3o do presidente Luiz In\u00e1cio Lula da&hellip; <\/p>\n","protected":false},"author":6,"featured_media":261464,"comment_status":"closed","ping_status":"closed","sticky":false,"template":"","format":"standard","meta":{"sfsi_plus_gutenberg_text_before_share":"","sfsi_plus_gutenberg_show_text_before_share":"","sfsi_plus_gutenberg_icon_type":"","sfsi_plus_gutenberg_icon_alignemt":"","sfsi_plus_gutenburg_max_per_row":"","footnotes":""},"categories":[123],"tags":[],"class_list":["post-261463","post","type-post","status-publish","format-standard","has-post-thumbnail","hentry","category-brasil"],"_links":{"self":[{"href":"https:\/\/www.caririemacao.com\/1\/wp-json\/wp\/v2\/posts\/261463","targetHints":{"allow":["GET"]}}],"collection":[{"href":"https:\/\/www.caririemacao.com\/1\/wp-json\/wp\/v2\/posts"}],"about":[{"href":"https:\/\/www.caririemacao.com\/1\/wp-json\/wp\/v2\/types\/post"}],"author":[{"embeddable":true,"href":"https:\/\/www.caririemacao.com\/1\/wp-json\/wp\/v2\/users\/6"}],"replies":[{"embeddable":true,"href":"https:\/\/www.caririemacao.com\/1\/wp-json\/wp\/v2\/comments?post=261463"}],"version-history":[{"count":1,"href":"https:\/\/www.caririemacao.com\/1\/wp-json\/wp\/v2\/posts\/261463\/revisions"}],"predecessor-version":[{"id":261465,"href":"https:\/\/www.caririemacao.com\/1\/wp-json\/wp\/v2\/posts\/261463\/revisions\/261465"}],"wp:featuredmedia":[{"embeddable":true,"href":"https:\/\/www.caririemacao.com\/1\/wp-json\/wp\/v2\/media\/261464"}],"wp:attachment":[{"href":"https:\/\/www.caririemacao.com\/1\/wp-json\/wp\/v2\/media?parent=261463"}],"wp:term":[{"taxonomy":"category","embeddable":true,"href":"https:\/\/www.caririemacao.com\/1\/wp-json\/wp\/v2\/categories?post=261463"},{"taxonomy":"post_tag","embeddable":true,"href":"https:\/\/www.caririemacao.com\/1\/wp-json\/wp\/v2\/tags?post=261463"}],"curies":[{"name":"wp","href":"https:\/\/api.w.org\/{rel}","templated":true}]}}