{"id":261468,"date":"2022-12-30T12:28:46","date_gmt":"2022-12-30T15:28:46","guid":{"rendered":"https:\/\/www.caririemacao.com\/1\/?p=261468"},"modified":"2022-12-30T12:28:46","modified_gmt":"2022-12-30T15:28:46","slug":"presidente-decreta-luto-de-tres-dias-pela-morte-de-pele","status":"publish","type":"post","link":"https:\/\/www.caririemacao.com\/1\/2022\/12\/30\/presidente-decreta-luto-de-tres-dias-pela-morte-de-pele\/","title":{"rendered":"Presidente decreta luto de tr\u00eas dias pela morte de Pel\u00e9"},"content":{"rendered":"<div class=\"row\">\n<p class=\"col-10 offset-1 animated fadeInDown dealy-900 display-8 display-md-8 alt-font font-italic my-1 text-center\" style=\"text-align: center;\"><strong><em>Medida foi publicada em edi\u00e7\u00e3o extra do Di\u00e1rio Oficial<\/em><\/strong><\/p>\n<p>O presidente Jair Bolsonaro decretou luto oficial de tr\u00eas dias\u00a0pela morte de Pel\u00e9. A medida foi\u00a0<a href=\"https:\/\/www.in.gov.br\/en\/web\/dou\/-\/decreto-n-11.315-de-29-de-dezembro-de-2022-454536226\" target=\"_blank\" rel=\"noopener\">publicada em edi\u00e7\u00e3o extra<\/a>\u00a0do Di\u00e1rio Oficial da Uni\u00e3o (DOU).\u00a0<img decoding=\"async\" data-src=\"https:\/\/agenciabrasil.ebc.com.br\/ebc.png?id=1500518&amp;o=node\" src=\"data:image\/svg+xml;base64,PHN2ZyB3aWR0aD0iMSIgaGVpZ2h0PSIxIiB4bWxucz0iaHR0cDovL3d3dy53My5vcmcvMjAwMC9zdmciPjwvc3ZnPg==\" class=\"lazyload\" \/><img decoding=\"async\" data-src=\"https:\/\/agenciabrasil.ebc.com.br\/ebc.gif?id=1500518&amp;o=node\" src=\"data:image\/svg+xml;base64,PHN2ZyB3aWR0aD0iMSIgaGVpZ2h0PSIxIiB4bWxucz0iaHR0cDovL3d3dy53My5vcmcvMjAwMC9zdmciPjwvc3ZnPg==\" class=\"lazyload\" \/><\/p>\n<p>Edson Arantes do Nascimento, que ficou mundialmente conhecido como\u00a0Pel\u00e9,\u00a0morreu ontem (29), aos 82 anos, no Hospital Albert Einstein, na zona sul da capital paulista, por fal\u00eancia m\u00faltipla de \u00f3rg\u00e3os em decorr\u00eancia de um c\u00e2ncer de c\u00f3lon.<\/p>\n<p>Nas redes sociais, o presidente demonstrou pesar pela morte do Rei do Futebol.<\/p>\n<p>\u201cCom pesar o passamento de um homem, que pelo futebol, levou o nome do Brasil para o mundo. Transformou o futebol em arte e alegria. Que Deus conforte sua fam\u00edlia e que o acolha na sua infinita miseric\u00f3rdia\u201d, escreveu.<\/p>\n<p>Outras autoridades tamb\u00e9m se manifestaram ap\u00f3s o an\u00fancio do falecimento.<\/p>\n<p>O presidente do Senado, Rodrigo Pacheco (PSD), afirmou que o Pel\u00e9 &#8220;foi mais magistral jogador de futebol que o mundo viu nos gramados e que elevou o nome do Brasil por onde passou&#8221;.<\/p>\n<p>O presidente da C\u00e2mara dos Deputados, Arthur Lira (PP), disse que o jogador dignificou o Brasil e seu povo e que &#8220;o homem Pel\u00e9 nos deixa, mas que o eterno Pel\u00e9 viver\u00e1 para sempre&#8221;.<\/p>\n<p>A\u00a0presidente do Supremo Tribunal Federal (STF), ministra Rosa Weber,\u00a0disse que o jogador atuou como &#8220;um artista da bola, que encantou gera\u00e7\u00f5es e gera\u00e7\u00f5es com seu talento.<\/p>\n<p>FONTE: Ag\u00eancia Brasil<\/p>\n<\/div>\n","protected":false},"excerpt":{"rendered":"<p>Medida foi publicada em edi\u00e7\u00e3o extra do Di\u00e1rio Oficial O presidente Jair Bolsonaro decretou luto oficial de tr\u00eas dias\u00a0pela morte de Pel\u00e9. A medida foi\u00a0publicada&hellip; <\/p>\n","protected":false},"author":6,"featured_media":261469,"comment_status":"closed","ping_status":"closed","sticky":false,"template":"","format":"standard","meta":{"sfsi_plus_gutenberg_text_before_share":"","sfsi_plus_gutenberg_show_text_before_share":"","sfsi_plus_gutenberg_icon_type":"","sfsi_plus_gutenberg_icon_alignemt":"","sfsi_plus_gutenburg_max_per_row":"","footnotes":""},"categories":[50],"tags":[],"class_list":["post-261468","post","type-post","status-publish","format-standard","has-post-thumbnail","hentry","category-destaque"],"_links":{"self":[{"href":"https:\/\/www.caririemacao.com\/1\/wp-json\/wp\/v2\/posts\/261468","targetHints":{"allow":["GET"]}}],"collection":[{"href":"https:\/\/www.caririemacao.com\/1\/wp-json\/wp\/v2\/posts"}],"about":[{"href":"https:\/\/www.caririemacao.com\/1\/wp-json\/wp\/v2\/types\/post"}],"author":[{"embeddable":true,"href":"https:\/\/www.caririemacao.com\/1\/wp-json\/wp\/v2\/users\/6"}],"replies":[{"embeddable":true,"href":"https:\/\/www.caririemacao.com\/1\/wp-json\/wp\/v2\/comments?post=261468"}],"version-history":[{"count":1,"href":"https:\/\/www.caririemacao.com\/1\/wp-json\/wp\/v2\/posts\/261468\/revisions"}],"predecessor-version":[{"id":261470,"href":"https:\/\/www.caririemacao.com\/1\/wp-json\/wp\/v2\/posts\/261468\/revisions\/261470"}],"wp:featuredmedia":[{"embeddable":true,"href":"https:\/\/www.caririemacao.com\/1\/wp-json\/wp\/v2\/media\/261469"}],"wp:attachment":[{"href":"https:\/\/www.caririemacao.com\/1\/wp-json\/wp\/v2\/media?parent=261468"}],"wp:term":[{"taxonomy":"category","embeddable":true,"href":"https:\/\/www.caririemacao.com\/1\/wp-json\/wp\/v2\/categories?post=261468"},{"taxonomy":"post_tag","embeddable":true,"href":"https:\/\/www.caririemacao.com\/1\/wp-json\/wp\/v2\/tags?post=261468"}],"curies":[{"name":"wp","href":"https:\/\/api.w.org\/{rel}","templated":true}]}}