{"id":261471,"date":"2022-12-30T12:33:02","date_gmt":"2022-12-30T15:33:02","guid":{"rendered":"https:\/\/www.caririemacao.com\/1\/?p=261471"},"modified":"2022-12-30T12:33:02","modified_gmt":"2022-12-30T15:33:02","slug":"decretos-oficializam-trocas-de-comando-na-marinha-e-na-aeronautica","status":"publish","type":"post","link":"https:\/\/www.caririemacao.com\/1\/2022\/12\/30\/decretos-oficializam-trocas-de-comando-na-marinha-e-na-aeronautica\/","title":{"rendered":"Decretos oficializam trocas de comando na Marinha e na Aeron\u00e1utica"},"content":{"rendered":"<div class=\"row\">\n<p class=\"col-10 offset-1 animated fadeInDown dealy-900 display-8 display-md-8 alt-font font-italic my-1 text-center\" style=\"text-align: center;\"><em><strong>Cerim\u00f4nia de posse do novo comandante do Ex\u00e9rcito acontece hoje<\/strong><\/em><\/p>\n<p>O\u00a0<em>Di\u00e1rio Oficial da Uni\u00e3o\u00a0<\/em>desta\u00a0sexta-feira (30) oficializa trocas de comando na Marinha e na Aeron\u00e1utica. O almirante de esquadra Marcos Sampaio Olsen substitui Almir Garnier Santos na Marinha de forma interina, enquanto o tenente-brigadeiro do ar Marcelo Kanitz Damasceno substitui, a partir do pr\u00f3ximo dia 2, Carlos Almeida Baptista Junior na Aeron\u00e1utica.<img decoding=\"async\" data-src=\"https:\/\/agenciabrasil.ebc.com.br\/ebc.png?id=1500564&amp;o=node\" src=\"data:image\/svg+xml;base64,PHN2ZyB3aWR0aD0iMSIgaGVpZ2h0PSIxIiB4bWxucz0iaHR0cDovL3d3dy53My5vcmcvMjAwMC9zdmciPjwvc3ZnPg==\" class=\"lazyload\" \/><img decoding=\"async\" data-src=\"https:\/\/agenciabrasil.ebc.com.br\/ebc.gif?id=1500564&amp;o=node\" src=\"data:image\/svg+xml;base64,PHN2ZyB3aWR0aD0iMSIgaGVpZ2h0PSIxIiB4bWxucz0iaHR0cDovL3d3dy53My5vcmcvMjAwMC9zdmciPjwvc3ZnPg==\" class=\"lazyload\" \/><\/p>\n<p>Na \u00faltima quarta-feira (28),\u00a0o\u00a0<em>Di\u00e1rio Oficial da Uni\u00e3o<\/em>\u00a0j\u00e1 havia oficializado a troca de comando no Ex\u00e9rcito, exonerando Marco Ant\u00f4nio Freire Gomes do cargo e nomeando\u00a0o general J\u00falio Cesar de Arruda\u00a0para exercer interinamente a fun\u00e7\u00e3o. A cerim\u00f4nia de posse do novo comandante do Ex\u00e9rcito acontece\u00a0hoje, \u00e0s 10h, no Clube do Ex\u00e9rcito.<\/p>\n<p><em>Texto alterado \u00e0s 10h48 para corrigir o local da cerim\u00f4nia do Ex\u00e9rcito<\/em><\/p>\n<p>FONTE: Ag\u00eancia Brasil<\/p>\n<\/div>\n","protected":false},"excerpt":{"rendered":"<p>Cerim\u00f4nia de posse do novo comandante do Ex\u00e9rcito acontece hoje O\u00a0Di\u00e1rio Oficial da Uni\u00e3o\u00a0desta\u00a0sexta-feira (30) oficializa trocas de comando na Marinha e na Aeron\u00e1utica. O&hellip; <\/p>\n","protected":false},"author":6,"featured_media":261472,"comment_status":"closed","ping_status":"closed","sticky":false,"template":"","format":"standard","meta":{"sfsi_plus_gutenberg_text_before_share":"","sfsi_plus_gutenberg_show_text_before_share":"","sfsi_plus_gutenberg_icon_type":"","sfsi_plus_gutenberg_icon_alignemt":"","sfsi_plus_gutenburg_max_per_row":"","footnotes":""},"categories":[50],"tags":[],"class_list":["post-261471","post","type-post","status-publish","format-standard","has-post-thumbnail","hentry","category-destaque"],"_links":{"self":[{"href":"https:\/\/www.caririemacao.com\/1\/wp-json\/wp\/v2\/posts\/261471","targetHints":{"allow":["GET"]}}],"collection":[{"href":"https:\/\/www.caririemacao.com\/1\/wp-json\/wp\/v2\/posts"}],"about":[{"href":"https:\/\/www.caririemacao.com\/1\/wp-json\/wp\/v2\/types\/post"}],"author":[{"embeddable":true,"href":"https:\/\/www.caririemacao.com\/1\/wp-json\/wp\/v2\/users\/6"}],"replies":[{"embeddable":true,"href":"https:\/\/www.caririemacao.com\/1\/wp-json\/wp\/v2\/comments?post=261471"}],"version-history":[{"count":1,"href":"https:\/\/www.caririemacao.com\/1\/wp-json\/wp\/v2\/posts\/261471\/revisions"}],"predecessor-version":[{"id":261473,"href":"https:\/\/www.caririemacao.com\/1\/wp-json\/wp\/v2\/posts\/261471\/revisions\/261473"}],"wp:featuredmedia":[{"embeddable":true,"href":"https:\/\/www.caririemacao.com\/1\/wp-json\/wp\/v2\/media\/261472"}],"wp:attachment":[{"href":"https:\/\/www.caririemacao.com\/1\/wp-json\/wp\/v2\/media?parent=261471"}],"wp:term":[{"taxonomy":"category","embeddable":true,"href":"https:\/\/www.caririemacao.com\/1\/wp-json\/wp\/v2\/categories?post=261471"},{"taxonomy":"post_tag","embeddable":true,"href":"https:\/\/www.caririemacao.com\/1\/wp-json\/wp\/v2\/tags?post=261471"}],"curies":[{"name":"wp","href":"https:\/\/api.w.org\/{rel}","templated":true}]}}