{"id":261474,"date":"2022-12-30T12:34:40","date_gmt":"2022-12-30T15:34:40","guid":{"rendered":"https:\/\/www.caririemacao.com\/1\/?p=261474"},"modified":"2022-12-30T12:34:40","modified_gmt":"2022-12-30T15:34:40","slug":"incerteza-da-economia-sobe-06-ponto-revela-a-fgv","status":"publish","type":"post","link":"https:\/\/www.caririemacao.com\/1\/2022\/12\/30\/incerteza-da-economia-sobe-06-ponto-revela-a-fgv\/","title":{"rendered":"Incerteza da Economia sobe 0,6 ponto, revela a FGV"},"content":{"rendered":"<div class=\"row\">\n<p class=\"col-10 offset-1 animated fadeInDown dealy-900 display-8 display-md-8 alt-font font-italic my-1 text-center\" style=\"text-align: center;\"><em><strong>Indicador fecha o ano em n\u00edvel insatisfat\u00f3rio, acima de 110 pontos<\/strong><\/em><\/p>\n<p>O Indicador de Incerteza da Economia (IIE-Br) subiu 0,6 ponto em dezembro, indo para 112,7 pontos. Os dados foram divulgados hoje (30), no Rio de Janeiro, pelo Instituto Brasileiro de Economia da Funda\u00e7\u00e3o Getulio Vargas (FGV).<img decoding=\"async\" data-src=\"https:\/\/agenciabrasil.ebc.com.br\/ebc.png?id=1500592&amp;o=node\" src=\"data:image\/svg+xml;base64,PHN2ZyB3aWR0aD0iMSIgaGVpZ2h0PSIxIiB4bWxucz0iaHR0cDovL3d3dy53My5vcmcvMjAwMC9zdmciPjwvc3ZnPg==\" class=\"lazyload\" \/><img decoding=\"async\" data-src=\"https:\/\/agenciabrasil.ebc.com.br\/ebc.gif?id=1500592&amp;o=node\" src=\"data:image\/svg+xml;base64,PHN2ZyB3aWR0aD0iMSIgaGVpZ2h0PSIxIiB4bWxucz0iaHR0cDovL3d3dy53My5vcmcvMjAwMC9zdmciPjwvc3ZnPg==\" class=\"lazyload\" \/><\/p>\n<p>Segundo Anna Carolina Gouveia, economista do instituto, a subida no indicador, ap\u00f3s dois meses praticamente est\u00e1vel com alta de 0,3 e 0,1 ponto, foi influenciada pela transi\u00e7\u00e3o de governo. Com isso, o IIE-Br fechou o ano em n\u00edvel insatisfat\u00f3rio, acima dos 110 pontos.<\/p>\n<p>\u201cO resultado foi influenciado pelas incertezas da transi\u00e7\u00e3o de governo e o direcionamento das pol\u00edticas econ\u00f4micas do pr\u00f3ximo ano, com destaque para a condu\u00e7\u00e3o da pol\u00edtica fiscal\u201d, argumentou.<\/p>\n<p>Destacou que o aumento da incerteza foi impulsionado pela dispers\u00e3o nas previs\u00f5es macroecon\u00f4micas, o que deve permanecer em alta nos pr\u00f3ximos meses.<\/p>\n<p>\u201cA alta do IIE-Br foi motivada pelo componente de expectativas, que mede a dispers\u00e3o nas previs\u00f5es de especialistas para vari\u00e1veis macroecon\u00f4micas, devido a uma\u00a0 maior heterogeneidade das previs\u00f5es para a taxa Selic. Diante da conjuntura dom\u00e9stica e internacional desafiadora, o Indicador de Incerteza dever\u00e1 se manter oscilando em patamar elevado nos pr\u00f3ximos meses\u201d, afirmou.<\/p>\n<h2>Componentes<\/h2>\n<p>Entre os componentes do IIE-Br, em dezembro o indicador M\u00eddia, que se baseia na frequ\u00eancia de not\u00edcias com men\u00e7\u00e3o \u00e0 incerteza nas m\u00eddias impressa e online, teve queda de 2,5 pontos, para 110,1 pontos, chegando ao menor n\u00edvel desde novembro de 2019, quando ficou em 103,6 pontos. Com isso, o componente contribui para a redu\u00e7\u00e3o de 2,2 pontos no \u00edndice agregado.<\/p>\n<p>J\u00e1 o componente de expectativas, que indica a m\u00e9dia dos coeficientes de varia\u00e7\u00e3o das previs\u00f5es dos analistas econ\u00f4micos, teve alta de 12,8 pontos, indo para 117,9 pontos. O maior pico anterior foi registrado em julho deste ano, com 124,7 pontos. Esse componente contribui com 2,8 pontos para a alta na margem do Indicador de Incerteza da Economia.<\/p>\n<p>FONTE: Ag\u00eancia Brasil<\/p>\n<\/div>\n","protected":false},"excerpt":{"rendered":"<p>Indicador fecha o ano em n\u00edvel insatisfat\u00f3rio, acima de 110 pontos O Indicador de Incerteza da Economia (IIE-Br) subiu 0,6 ponto em dezembro, indo para&hellip; <\/p>\n","protected":false},"author":6,"featured_media":261475,"comment_status":"closed","ping_status":"closed","sticky":false,"template":"","format":"standard","meta":{"sfsi_plus_gutenberg_text_before_share":"","sfsi_plus_gutenberg_show_text_before_share":"","sfsi_plus_gutenberg_icon_type":"","sfsi_plus_gutenberg_icon_alignemt":"","sfsi_plus_gutenburg_max_per_row":"","footnotes":""},"categories":[50],"tags":[],"class_list":["post-261474","post","type-post","status-publish","format-standard","has-post-thumbnail","hentry","category-destaque"],"_links":{"self":[{"href":"https:\/\/www.caririemacao.com\/1\/wp-json\/wp\/v2\/posts\/261474","targetHints":{"allow":["GET"]}}],"collection":[{"href":"https:\/\/www.caririemacao.com\/1\/wp-json\/wp\/v2\/posts"}],"about":[{"href":"https:\/\/www.caririemacao.com\/1\/wp-json\/wp\/v2\/types\/post"}],"author":[{"embeddable":true,"href":"https:\/\/www.caririemacao.com\/1\/wp-json\/wp\/v2\/users\/6"}],"replies":[{"embeddable":true,"href":"https:\/\/www.caririemacao.com\/1\/wp-json\/wp\/v2\/comments?post=261474"}],"version-history":[{"count":1,"href":"https:\/\/www.caririemacao.com\/1\/wp-json\/wp\/v2\/posts\/261474\/revisions"}],"predecessor-version":[{"id":261476,"href":"https:\/\/www.caririemacao.com\/1\/wp-json\/wp\/v2\/posts\/261474\/revisions\/261476"}],"wp:featuredmedia":[{"embeddable":true,"href":"https:\/\/www.caririemacao.com\/1\/wp-json\/wp\/v2\/media\/261475"}],"wp:attachment":[{"href":"https:\/\/www.caririemacao.com\/1\/wp-json\/wp\/v2\/media?parent=261474"}],"wp:term":[{"taxonomy":"category","embeddable":true,"href":"https:\/\/www.caririemacao.com\/1\/wp-json\/wp\/v2\/categories?post=261474"},{"taxonomy":"post_tag","embeddable":true,"href":"https:\/\/www.caririemacao.com\/1\/wp-json\/wp\/v2\/tags?post=261474"}],"curies":[{"name":"wp","href":"https:\/\/api.w.org\/{rel}","templated":true}]}}