{"id":261477,"date":"2022-12-30T12:39:16","date_gmt":"2022-12-30T15:39:16","guid":{"rendered":"https:\/\/www.caririemacao.com\/1\/?p=261477"},"modified":"2022-12-30T12:39:16","modified_gmt":"2022-12-30T15:39:16","slug":"em-homenagem-a-pele-nasa-publica-foto-de-galaxia-verde-amarela-lendario","status":"publish","type":"post","link":"https:\/\/www.caririemacao.com\/1\/2022\/12\/30\/em-homenagem-a-pele-nasa-publica-foto-de-galaxia-verde-amarela-lendario\/","title":{"rendered":"Em homenagem a Pel\u00e9, Nasa publica foto de gal\u00e1xia verde-amarela: &#8216;Lend\u00e1rio&#8217;"},"content":{"rendered":"<header class=\"pg-newDetail__header\">\n<div class=\"gs-container\">\n<div class=\"pg-newDetail__header__content\">\n<p class=\"pg-newDetail__resume\"><em><strong>Rei do Futebol morreu ontem quinta-feira (29). Ele descobriu um c\u00e2ncer de c\u00f3lon em setembro de 2021 e estava internado no Hospital Albert Einstein desde 29 de novembro.<\/strong><\/em><\/p>\n<\/div>\n<\/div>\n<\/header>\n<div class=\"pg-newDetail__main gs-container\">\n<p>As homenagens a Edson Arantes do Nascimento, o Pel\u00e9, que morreu ontem quinta-feira (29) em S\u00e3o Paulo, n\u00e3o se restringem ao planeta Terra. A Nasa, ag\u00eancia espacial dos Estados Unidos, publicou em seu perfil no Twitter uma imagem de uma gal\u00e1xia com as cores da bandeira do Brasil como tributo ao maior jogador de futebol de todos os tempos.<\/p>\n<p>&#8220;Marcamos a morte do lend\u00e1rio Pel\u00e9, conhecido por muitos como o rei do &#8216;jogo bonito&#8217;. Esta imagem de uma gal\u00e1xia espiral na constela\u00e7\u00e3o Sculptor (Escultor) mostra as cores do Brasil [verde, amarelo, azul, branco]&#8221;, diz o tu\u00edte.<\/p>\n<p>A constela\u00e7\u00e3o Sculptor, segundo a Universidade Harvard, foi batizada pelo astr\u00f4nomo Nicholas Louis de Lacaille entre 1750 e 1754.<\/p>\n<div class=\"twitter-tweet twitter-tweet-rendered\"><iframe id=\"twitter-widget-0\" title=\"Twitter Tweet\" data-src=\"https:\/\/platform.twitter.com\/embed\/Tweet.html?creatorScreenName=redacaoClickPB&amp;dnt=false&amp;embedId=twitter-widget-0&amp;features=eyJ0ZndfdGltZWxpbmVfbGlzdCI6eyJidWNrZXQiOlsibGlua3RyLmVlIiwidHIuZWUiLCJ0ZXJyYS5jb20uYnIiLCJ3d3cubGlua3RyLmVlIiwid3d3LnRyLmVlIiwid3d3LnRlcnJhLmNvbS5iciJdLCJ2ZXJzaW9uIjpudWxsfSwidGZ3X2hvcml6b25fdGltZWxpbmVfMTIwMzQiOnsiYnVja2V0IjoidHJlYXRtZW50IiwidmVyc2lvbiI6bnVsbH0sInRmd190d2VldF9lZGl0X2JhY2tlbmQiOnsiYnVja2V0Ijoib24iLCJ2ZXJzaW9uIjpudWxsfSwidGZ3X3JlZnNyY19zZXNzaW9uIjp7ImJ1Y2tldCI6Im9uIiwidmVyc2lvbiI6bnVsbH0sInRmd19zaG93X2J1c2luZXNzX3ZlcmlmaWVkX2JhZGdlIjp7ImJ1Y2tldCI6Im9uIiwidmVyc2lvbiI6bnVsbH0sInRmd19jaGluX3BpbGxzXzE0NzQxIjp7ImJ1Y2tldCI6ImNvbG9yX2ljb25zIiwidmVyc2lvbiI6bnVsbH0sInRmd190d2VldF9yZXN1bHRfbWlncmF0aW9uXzEzOTc5Ijp7ImJ1Y2tldCI6InR3ZWV0X3Jlc3VsdCIsInZlcnNpb24iOm51bGx9LCJ0ZndfbWl4ZWRfbWVkaWFfMTU4OTciOnsiYnVja2V0IjoidHJlYXRtZW50IiwidmVyc2lvbiI6bnVsbH0sInRmd19zZW5zaXRpdmVfbWVkaWFfaW50ZXJzdGl0aWFsXzEzOTYzIjp7ImJ1Y2tldCI6ImludGVyc3RpdGlhbCIsInZlcnNpb24iOm51bGx9LCJ0ZndfZXhwZXJpbWVudHNfY29va2llX2V4cGlyYXRpb24iOnsiYnVja2V0IjoxMjA5NjAwLCJ2ZXJzaW9uIjpudWxsfSwidGZ3X2R1cGxpY2F0ZV9zY3JpYmVzX3RvX3NldHRpbmdzIjp7ImJ1Y2tldCI6Im9uIiwidmVyc2lvbiI6bnVsbH0sInRmd192aWRlb19obHNfZHluYW1pY19tYW5pZmVzdHNfMTUwODIiOnsiYnVja2V0IjoidHJ1ZV9iaXRyYXRlIiwidmVyc2lvbiI6bnVsbH0sInRmd19zaG93X2JsdWVfdmVyaWZpZWRfYmFkZ2UiOnsiYnVja2V0Ijoib24iLCJ2ZXJzaW9uIjpudWxsfSwidGZ3X3Nob3dfZ292X3ZlcmlmaWVkX2JhZGdlIjp7ImJ1Y2tldCI6Im9uIiwidmVyc2lvbiI6bnVsbH0sInRmd19zaG93X2J1c2luZXNzX2FmZmlsaWF0ZV9iYWRnZSI6eyJidWNrZXQiOiJvbiIsInZlcnNpb24iOm51bGx9LCJ0ZndfdHdlZXRfZWRpdF9mcm9udGVuZCI6eyJidWNrZXQiOiJvbiIsInZlcnNpb24iOm51bGx9fQ%3D%3D&amp;frame=false&amp;hideCard=false&amp;hideThread=false&amp;id=1608568953105940480&amp;lang=pt&amp;origin=http%3A%2F%2Fwww.clickpb.com.br%2Fesporte%2Fem-homenagem-pele-nasa-publica-foto-de-galaxia-verde-amarela-lendario-342347.html&amp;sessionId=6dca793dcca08f80d64ed71698ab772e349a9662&amp;siteScreenName=redacaoClickPB&amp;theme=light&amp;widgetsVersion=a3525f077c700%3A1667415560940&amp;width=550px\" frameborder=\"0\" scrolling=\"no\" allowfullscreen=\"allowfullscreen\" data-tweet-id=\"1608568953105940480\" src=\"data:image\/svg+xml;base64,PHN2ZyB3aWR0aD0iMSIgaGVpZ2h0PSIxIiB4bWxucz0iaHR0cDovL3d3dy53My5vcmcvMjAwMC9zdmciPjwvc3ZnPg==\" class=\"lazyload\" data-load-mode=\"1\"><\/iframe><\/div>\n<p><strong>Morte do Rei<\/strong><\/p>\n<p>Pel\u00e9 estava internado desde o dia 29 de novembro no Hospital Albert Einstein, na Zona Sul de S\u00e3o Paulo para reavalia\u00e7\u00e3o da quimioterapia contra o tumor de c\u00f3lon e o tratamento de uma infec\u00e7\u00e3o respirat\u00f3ria.<\/p>\n<p>O Rei do Futebol foi diagnosticado com c\u00e2ncer em setembro de 2021. J\u00e1 em fevereiro deste ano, o ex-jogador se internou no Albert Einstein para dar continuidade \u00e0 quimioterapia.<\/p>\n<p>Um boletim m\u00e9dico divulgado na tarde desta quinta-feira informou que a morte aconteceu \u00e0s 15h27, &#8220;em decorr\u00eancia da fal\u00eancia de m\u00faltiplos \u00f3rg\u00e3os, resultado da progress\u00e3o do c\u00e2ncer de c\u00f3lon associado \u00e0 sua condi\u00e7\u00e3o cl\u00ednica pr\u00e9via&#8221;.<\/p>\n<p>&#8220;O Hospital Israelita Albert Einstein se solidariza com a fam\u00edlia e todos que sofrem com a perda do nosso querido Rei do Futebol&#8221;, completa o comunicado, assinado pelos m\u00e9dicos Fabio Nasri, geriatra e endocrinologista; Rene Gansl, oncologista; Alexandre Holthausen, cardiologista; e Miguel Cendoroglo Neto, Diretor-Superintendente M\u00e9dico e Servi\u00e7os Hospitalares.<\/p>\n<p>Em outro boletim, do dia 22, os m\u00e9dicos j\u00e1 haviam alertado para a progress\u00e3o do c\u00e2ncer e afirmaram que o paciente estava necessitando de maiores cuidados referentes \u00e0s disfun\u00e7\u00f5es renal e card\u00edaca.<\/p>\n<p>O Rei do Futebol ser\u00e1 velado, a princ\u00edpio, durante um dia e meio, no gramado do est\u00e1dio do Santos, a Vila Belmiro. A cerim\u00f4nia ser\u00e1 aberta ao p\u00fablico, mas o hor\u00e1rio n\u00e3o foi divulgado.<\/p>\n<p>J\u00e1 o enterro ser\u00e1 no Memorial Necr\u00f3pole Ecum\u00eanica, tamb\u00e9m em Santos, em uma cerim\u00f4nia reservada para amigos \u00edntimos e familiares.<\/p>\n<p>FONTE: Click PB<\/p>\n<\/div>\n","protected":false},"excerpt":{"rendered":"<p>Rei do Futebol morreu ontem quinta-feira (29). Ele descobriu um c\u00e2ncer de c\u00f3lon em setembro de 2021 e estava internado no Hospital Albert Einstein desde&hellip; <\/p>\n","protected":false},"author":6,"featured_media":261478,"comment_status":"closed","ping_status":"closed","sticky":false,"template":"","format":"standard","meta":{"sfsi_plus_gutenberg_text_before_share":"","sfsi_plus_gutenberg_show_text_before_share":"","sfsi_plus_gutenberg_icon_type":"","sfsi_plus_gutenberg_icon_alignemt":"","sfsi_plus_gutenburg_max_per_row":"","footnotes":""},"categories":[50],"tags":[],"class_list":["post-261477","post","type-post","status-publish","format-standard","has-post-thumbnail","hentry","category-destaque"],"_links":{"self":[{"href":"https:\/\/www.caririemacao.com\/1\/wp-json\/wp\/v2\/posts\/261477","targetHints":{"allow":["GET"]}}],"collection":[{"href":"https:\/\/www.caririemacao.com\/1\/wp-json\/wp\/v2\/posts"}],"about":[{"href":"https:\/\/www.caririemacao.com\/1\/wp-json\/wp\/v2\/types\/post"}],"author":[{"embeddable":true,"href":"https:\/\/www.caririemacao.com\/1\/wp-json\/wp\/v2\/users\/6"}],"replies":[{"embeddable":true,"href":"https:\/\/www.caririemacao.com\/1\/wp-json\/wp\/v2\/comments?post=261477"}],"version-history":[{"count":1,"href":"https:\/\/www.caririemacao.com\/1\/wp-json\/wp\/v2\/posts\/261477\/revisions"}],"predecessor-version":[{"id":261479,"href":"https:\/\/www.caririemacao.com\/1\/wp-json\/wp\/v2\/posts\/261477\/revisions\/261479"}],"wp:featuredmedia":[{"embeddable":true,"href":"https:\/\/www.caririemacao.com\/1\/wp-json\/wp\/v2\/media\/261478"}],"wp:attachment":[{"href":"https:\/\/www.caririemacao.com\/1\/wp-json\/wp\/v2\/media?parent=261477"}],"wp:term":[{"taxonomy":"category","embeddable":true,"href":"https:\/\/www.caririemacao.com\/1\/wp-json\/wp\/v2\/categories?post=261477"},{"taxonomy":"post_tag","embeddable":true,"href":"https:\/\/www.caririemacao.com\/1\/wp-json\/wp\/v2\/tags?post=261477"}],"curies":[{"name":"wp","href":"https:\/\/api.w.org\/{rel}","templated":true}]}}