{"id":261506,"date":"2022-12-31T08:18:36","date_gmt":"2022-12-31T11:18:36","guid":{"rendered":"https:\/\/www.caririemacao.com\/1\/?p=261506"},"modified":"2022-12-31T08:18:36","modified_gmt":"2022-12-31T11:18:36","slug":"sobe-para-106-o-numero-de-casos-confirmados-de-mpox-na-paraiba","status":"publish","type":"post","link":"https:\/\/www.caririemacao.com\/1\/2022\/12\/31\/sobe-para-106-o-numero-de-casos-confirmados-de-mpox-na-paraiba\/","title":{"rendered":"Sobe para 106 o n\u00famero de casos confirmados de mpox na Para\u00edba"},"content":{"rendered":"<div class=\"subtitulo mb-3\"><em><strong>De acordo com a pasta, j\u00e1 foram 643 notifica\u00e7\u00f5es de casos da doen\u00e7a, sendo 506 descartadas, 15 classificadas como casos suspeitos e 13 com perda de seguimento.<\/strong><\/em><\/div>\n<div><\/div>\n<div>Subiu para 106 o n\u00famero de casos confirmados de mpox (var\u00edola dos macacos) na Para\u00edba, segundo boletim divulgado ontem\u00a0 sexta-feira (30) pela Secretaria de Estado da Sa\u00fade (SES).<\/div>\n<div><\/div>\n<div>De acordo com a pasta, o estado acumula, no total, 643 notifica\u00e7\u00f5es. Al\u00e9m dos confirmados, at\u00e9 o momento, 506 foram descartados, 15 s\u00e3o classificados como casos suspeitos e 13 tiveram perda de seguimento.<\/div>\n<div><\/div>\n<div>\n<p>Outros tr\u00eas casos ainda s\u00e3o classificados como prov\u00e1veis.<\/p>\n<h2 class=\"wp-block-heading\">Casos confirmados<\/h2>\n<p><strong>Para\u00edba \u2013 106<\/strong><\/p>\n<figure class=\"wp-block-table\">\n<table>\n<tbody>\n<tr>\n<td>Jo\u00e3o Pessoa<\/td>\n<td>73<\/td>\n<\/tr>\n<tr>\n<td>Cabedelo<\/td>\n<td>13<\/td>\n<\/tr>\n<tr>\n<td>Campina Grande<\/td>\n<td>8<\/td>\n<\/tr>\n<tr>\n<td>Bayeux<\/td>\n<td>3<\/td>\n<\/tr>\n<tr>\n<td>Conde<\/td>\n<td>2<\/td>\n<\/tr>\n<tr>\n<td>Barra de S\u00e3o Miguel<\/td>\n<td>1<\/td>\n<\/tr>\n<tr>\n<td>Logradouro<\/td>\n<td>1<\/td>\n<\/tr>\n<tr>\n<td>Mamanguape<\/td>\n<td>1<\/td>\n<\/tr>\n<tr>\n<td>Mana\u00edra<\/td>\n<td>1<\/td>\n<\/tr>\n<tr>\n<td>Mari<\/td>\n<td>1<\/td>\n<\/tr>\n<tr>\n<td>Patos<\/td>\n<td>1<\/td>\n<\/tr>\n<tr>\n<td>S\u00e3o Bento<\/td>\n<td>1<\/td>\n<\/tr>\n<\/tbody>\n<\/table>\n<p>FONTE: Portal Correio<\/figure>\n<\/div>\n","protected":false},"excerpt":{"rendered":"<p>De acordo com a pasta, j\u00e1 foram 643 notifica\u00e7\u00f5es de casos da doen\u00e7a, sendo 506 descartadas, 15 classificadas como casos suspeitos e 13 com perda&hellip; <\/p>\n","protected":false},"author":6,"featured_media":261507,"comment_status":"closed","ping_status":"closed","sticky":false,"template":"","format":"standard","meta":{"sfsi_plus_gutenberg_text_before_share":"","sfsi_plus_gutenberg_show_text_before_share":"","sfsi_plus_gutenberg_icon_type":"","sfsi_plus_gutenberg_icon_alignemt":"","sfsi_plus_gutenburg_max_per_row":"","footnotes":""},"categories":[50],"tags":[],"class_list":["post-261506","post","type-post","status-publish","format-standard","has-post-thumbnail","hentry","category-destaque"],"_links":{"self":[{"href":"https:\/\/www.caririemacao.com\/1\/wp-json\/wp\/v2\/posts\/261506","targetHints":{"allow":["GET"]}}],"collection":[{"href":"https:\/\/www.caririemacao.com\/1\/wp-json\/wp\/v2\/posts"}],"about":[{"href":"https:\/\/www.caririemacao.com\/1\/wp-json\/wp\/v2\/types\/post"}],"author":[{"embeddable":true,"href":"https:\/\/www.caririemacao.com\/1\/wp-json\/wp\/v2\/users\/6"}],"replies":[{"embeddable":true,"href":"https:\/\/www.caririemacao.com\/1\/wp-json\/wp\/v2\/comments?post=261506"}],"version-history":[{"count":1,"href":"https:\/\/www.caririemacao.com\/1\/wp-json\/wp\/v2\/posts\/261506\/revisions"}],"predecessor-version":[{"id":261508,"href":"https:\/\/www.caririemacao.com\/1\/wp-json\/wp\/v2\/posts\/261506\/revisions\/261508"}],"wp:featuredmedia":[{"embeddable":true,"href":"https:\/\/www.caririemacao.com\/1\/wp-json\/wp\/v2\/media\/261507"}],"wp:attachment":[{"href":"https:\/\/www.caririemacao.com\/1\/wp-json\/wp\/v2\/media?parent=261506"}],"wp:term":[{"taxonomy":"category","embeddable":true,"href":"https:\/\/www.caririemacao.com\/1\/wp-json\/wp\/v2\/categories?post=261506"},{"taxonomy":"post_tag","embeddable":true,"href":"https:\/\/www.caririemacao.com\/1\/wp-json\/wp\/v2\/tags?post=261506"}],"curies":[{"name":"wp","href":"https:\/\/api.w.org\/{rel}","templated":true}]}}