{"id":261512,"date":"2022-12-31T08:23:14","date_gmt":"2022-12-31T11:23:14","guid":{"rendered":"https:\/\/www.caririemacao.com\/1\/?p=261512"},"modified":"2022-12-31T08:23:14","modified_gmt":"2022-12-31T11:23:14","slug":"na-ausencia-de-bolsonaro-vice-mourao-fara-pronunciamento-a-nacao-amanha","status":"publish","type":"post","link":"https:\/\/www.caririemacao.com\/1\/2022\/12\/31\/na-ausencia-de-bolsonaro-vice-mourao-fara-pronunciamento-a-nacao-amanha\/","title":{"rendered":"Na aus\u00eancia de Bolsonaro, vice Mour\u00e3o far\u00e1 pronunciamento \u00e0 Na\u00e7\u00e3o amanh\u00e3"},"content":{"rendered":"<header class=\"pg-newDetail__header\">\n<div class=\"gs-container\">\n<div class=\"pg-newDetail__header__content\">\n<p class=\"pg-newDetail__resume\" style=\"text-align: center;\"><em><strong>Vice-presidente adiantou que sua fala ser\u00e1 apenas mensagem institucional de final de ano<\/strong><\/em><\/p>\n<p>O vice-presidente Hamilton Mour\u00e3o (Republicanos), que assumiu a presid\u00eancia da Rep\u00fablica com a viagem de Jair Bolsonaro (PL), ontem sexta-feira (30) a tarde para os Estados Unidos, vai fazer um pronunciamento em cadeia nacional amanh\u00e3, \u00faltimo dia do governo\u00a0 Bolsonaro.<\/p>\n<p>A fala est\u00e1 marcada para ir ao ar \u00e0s 20h e, segundo o pr\u00f3prio Mour\u00e3o, ser\u00e1 uma &#8220;mensagem institucional de final de ano&#8221;. O discurso do vice-presidente em cadeia nacional ter\u00e1 uma dura\u00e7\u00e3o de sete minutos.<\/p>\n<p>Mour\u00e3o, assim como Bolsonaro, j\u00e1 disse que n\u00e3o vai passar a faixa presidencial ao presidente eleito Luiz In\u00e1cio Lula da Silva (PT).<\/p>\n<p>\u201cEssa quest\u00e3o da faixa \u00e9 um gesto simb\u00f3lico do presidente da Rep\u00fablica que sai para o que entra. N\u00e3o sou o presidente eleito. Se o Bolsonaro tivesse renunciado a\u00ed sim seria minha responsabilidade\u201d, disse.<\/p>\n<p>A justificativa de Mour\u00e3o pode at\u00e9 parecer l\u00f3gica, mas sabe-se que na aus\u00eancia do presidente, quem passa a faixa para o sucesso \u00e9 o vice. Se este \u00faltimo estiver impossibilitado, a fun\u00e7\u00e3o cabe ao presidente da C\u00e2mara.<\/p>\n<p>Mour\u00e3o, que \u00e9 filiado ao partido Republicanos, assumir\u00e1 em fevereiro uma vaga no Senado Federal pelo Rio Grande do Sul. Ele j\u00e1 havia afirmado que n\u00e3o passaria a faixa presidencial a Lula para n\u00e3o se crucificado pelos eleitores dele, mas agora mudou o discurso.<\/p>\n<p>FONTE: Click PB<\/p>\n<\/div>\n<\/div>\n<\/header>\n<div class=\"pg-newDetail__main gs-container\" style=\"text-align: center;\"><\/div>\n","protected":false},"excerpt":{"rendered":"<p>Vice-presidente adiantou que sua fala ser\u00e1 apenas mensagem institucional de final de ano O vice-presidente Hamilton Mour\u00e3o (Republicanos), que assumiu a presid\u00eancia da Rep\u00fablica com&hellip; <\/p>\n","protected":false},"author":6,"featured_media":261513,"comment_status":"closed","ping_status":"closed","sticky":false,"template":"","format":"standard","meta":{"sfsi_plus_gutenberg_text_before_share":"","sfsi_plus_gutenberg_show_text_before_share":"","sfsi_plus_gutenberg_icon_type":"","sfsi_plus_gutenberg_icon_alignemt":"","sfsi_plus_gutenburg_max_per_row":"","footnotes":""},"categories":[50],"tags":[],"class_list":["post-261512","post","type-post","status-publish","format-standard","has-post-thumbnail","hentry","category-destaque"],"_links":{"self":[{"href":"https:\/\/www.caririemacao.com\/1\/wp-json\/wp\/v2\/posts\/261512","targetHints":{"allow":["GET"]}}],"collection":[{"href":"https:\/\/www.caririemacao.com\/1\/wp-json\/wp\/v2\/posts"}],"about":[{"href":"https:\/\/www.caririemacao.com\/1\/wp-json\/wp\/v2\/types\/post"}],"author":[{"embeddable":true,"href":"https:\/\/www.caririemacao.com\/1\/wp-json\/wp\/v2\/users\/6"}],"replies":[{"embeddable":true,"href":"https:\/\/www.caririemacao.com\/1\/wp-json\/wp\/v2\/comments?post=261512"}],"version-history":[{"count":1,"href":"https:\/\/www.caririemacao.com\/1\/wp-json\/wp\/v2\/posts\/261512\/revisions"}],"predecessor-version":[{"id":261514,"href":"https:\/\/www.caririemacao.com\/1\/wp-json\/wp\/v2\/posts\/261512\/revisions\/261514"}],"wp:featuredmedia":[{"embeddable":true,"href":"https:\/\/www.caririemacao.com\/1\/wp-json\/wp\/v2\/media\/261513"}],"wp:attachment":[{"href":"https:\/\/www.caririemacao.com\/1\/wp-json\/wp\/v2\/media?parent=261512"}],"wp:term":[{"taxonomy":"category","embeddable":true,"href":"https:\/\/www.caririemacao.com\/1\/wp-json\/wp\/v2\/categories?post=261512"},{"taxonomy":"post_tag","embeddable":true,"href":"https:\/\/www.caririemacao.com\/1\/wp-json\/wp\/v2\/tags?post=261512"}],"curies":[{"name":"wp","href":"https:\/\/api.w.org\/{rel}","templated":true}]}}