{"id":261516,"date":"2022-12-31T10:31:22","date_gmt":"2022-12-31T13:31:22","guid":{"rendered":"https:\/\/www.caririemacao.com\/1\/?p=261516"},"modified":"2022-12-31T10:31:22","modified_gmt":"2022-12-31T13:31:22","slug":"no-cariri-policia-militar-prende-dois-homens-com-celulares-roubados-e-porte-ilegal-de-arma-de-fogo","status":"publish","type":"post","link":"https:\/\/www.caririemacao.com\/1\/2022\/12\/31\/no-cariri-policia-militar-prende-dois-homens-com-celulares-roubados-e-porte-ilegal-de-arma-de-fogo\/","title":{"rendered":"No Cariri: Pol\u00edcia Militar prende dois homens com celulares roubados e porte ilegal de arma de fogo"},"content":{"rendered":"<p>Policiais Militares do 11\u00b0 Batalh\u00e3o prenderam neste s\u00e1bado (31), dois homens na cidade de Monteiro, no Cariri paraibano, com celulares roubados,\u00a0 portando um rev\u00f3lver taurus, calibre 32 municiado.<\/p>\n<p>Ap\u00f3s realizar as dilig\u00eancias, e prender os suspeitos, eles foram encaminhados a delegacia para os procedimentos cab\u00edveis.<\/p>\n","protected":false},"excerpt":{"rendered":"<p>Policiais Militares do 11\u00b0 Batalh\u00e3o prenderam neste s\u00e1bado (31), dois homens na cidade de Monteiro, no Cariri paraibano, com celulares roubados,\u00a0 portando um rev\u00f3lver taurus,&hellip; <\/p>\n","protected":false},"author":6,"featured_media":261517,"comment_status":"closed","ping_status":"closed","sticky":false,"template":"","format":"standard","meta":{"sfsi_plus_gutenberg_text_before_share":"","sfsi_plus_gutenberg_show_text_before_share":"","sfsi_plus_gutenberg_icon_type":"","sfsi_plus_gutenberg_icon_alignemt":"","sfsi_plus_gutenburg_max_per_row":"","footnotes":""},"categories":[106],"tags":[],"class_list":["post-261516","post","type-post","status-publish","format-standard","has-post-thumbnail","hentry","category-cariri"],"_links":{"self":[{"href":"https:\/\/www.caririemacao.com\/1\/wp-json\/wp\/v2\/posts\/261516","targetHints":{"allow":["GET"]}}],"collection":[{"href":"https:\/\/www.caririemacao.com\/1\/wp-json\/wp\/v2\/posts"}],"about":[{"href":"https:\/\/www.caririemacao.com\/1\/wp-json\/wp\/v2\/types\/post"}],"author":[{"embeddable":true,"href":"https:\/\/www.caririemacao.com\/1\/wp-json\/wp\/v2\/users\/6"}],"replies":[{"embeddable":true,"href":"https:\/\/www.caririemacao.com\/1\/wp-json\/wp\/v2\/comments?post=261516"}],"version-history":[{"count":1,"href":"https:\/\/www.caririemacao.com\/1\/wp-json\/wp\/v2\/posts\/261516\/revisions"}],"predecessor-version":[{"id":261518,"href":"https:\/\/www.caririemacao.com\/1\/wp-json\/wp\/v2\/posts\/261516\/revisions\/261518"}],"wp:featuredmedia":[{"embeddable":true,"href":"https:\/\/www.caririemacao.com\/1\/wp-json\/wp\/v2\/media\/261517"}],"wp:attachment":[{"href":"https:\/\/www.caririemacao.com\/1\/wp-json\/wp\/v2\/media?parent=261516"}],"wp:term":[{"taxonomy":"category","embeddable":true,"href":"https:\/\/www.caririemacao.com\/1\/wp-json\/wp\/v2\/categories?post=261516"},{"taxonomy":"post_tag","embeddable":true,"href":"https:\/\/www.caririemacao.com\/1\/wp-json\/wp\/v2\/tags?post=261516"}],"curies":[{"name":"wp","href":"https:\/\/api.w.org\/{rel}","templated":true}]}}