{"id":261522,"date":"2022-12-31T17:19:42","date_gmt":"2022-12-31T20:19:42","guid":{"rendered":"https:\/\/www.caririemacao.com\/1\/?p=261522"},"modified":"2022-12-31T17:19:42","modified_gmt":"2022-12-31T20:19:42","slug":"prefeito-marcio-leite-termina-2022-com-saldo-positivo-e-comemora-mais-de-r-10-milhoes-em-investimentos-funcionalismo-em-dia-e-anuncia-reforma-administrativa-e-concurso","status":"publish","type":"post","link":"https:\/\/www.caririemacao.com\/1\/2022\/12\/31\/prefeito-marcio-leite-termina-2022-com-saldo-positivo-e-comemora-mais-de-r-10-milhoes-em-investimentos-funcionalismo-em-dia-e-anuncia-reforma-administrativa-e-concurso\/","title":{"rendered":"Prefeito M\u00e1rcio Leite termina 2022 com saldo positivo, e comemora mais de R$ 10 milh\u00f5es em investimentos, funcionalismo em dia e anuncia reforma administrativa e concurso"},"content":{"rendered":"<p class=\"p1\">O prefeito M\u00e1rcio Leite (Republicanos), tem muito o que comemorar neste fim de ano, com um saldo extremamente positivo de sua gest\u00e3o no munic\u00edpio de S\u00e3o Jo\u00e3o do Tigre, tanto no \u00e2mbito administrativo, como no \u00e2mbito pol\u00edtico. Em conversa com a reportagem do Portal Cariri da Gente, o prefeito M\u00e1rcio fez um balan\u00e7o da gest\u00e3o neste ano de 2022, e falou sobre as perspectivas e a\u00e7\u00f5es programadas para 2023.<\/p>\n<p class=\"p1\"><span class=\"s1\">O gestor destacou o saldo positivo nas Finan\u00e7as do munic\u00edpio, com o pagamento de todos funcion\u00e1rios e fornecedores em dias e 100% pagos, al\u00e9m de ter pago o 1\/3 de f\u00e9rias referente a 2023, gra\u00e7as ao equil\u00edbrio financeiro que vive o munic\u00edpio.<\/span><\/p>\n<p class=\"p1\"><span class=\"s1\">M\u00e1rcio ainda destacou que foram entregues mais de 10 milh\u00f5es reais em obras e a\u00e7\u00f5es, fruto de parcerias constru\u00eddas com o Governo do Estado, e os deputados federais Hugo Motta e Efraim Filho, e o deputado Estadual Adriano Galdino, al\u00e9m de diversas a\u00e7\u00f5es com recursos pr\u00f3prios. O prefeito elencou algumas das principais a\u00e7\u00f5es, de tantas outras realizadas em 2022.<\/span><\/p>\n<ul class=\"ul1\">\n<li class=\"li1\"><span class=\"s1\">Travessias urbanas investimento de R$ 1.200,000,00;<\/span><\/li>\n<li class=\"li1\"><span class=\"s1\">Centro de produ\u00e7\u00e3o de confec\u00e7\u00f5es: R$ 600.000,00:<\/span><\/li>\n<li class=\"li1\"><span class=\"s1\">Pavimenta\u00e7\u00e3o de ruas no distrito de Cacimbinha R$ 400.000,00;<\/span><\/li>\n<li class=\"li1\"><span class=\"s1\">Pavimenta\u00e7\u00e3o no povoado do Quaty R$ 300.000,00;<\/span><\/li>\n<li class=\"li1\"><span class=\"s1\">Reforma do est\u00e1dio de futebol R$ 450.000,00;<\/span><\/li>\n<li class=\"li1\"><span class=\"s1\">Reforma e amplia\u00e7\u00e3o da escola Ad\u00e3o Leopoldino no S\u00edtio lagoa do Luiz R$ 70.000,00;<\/span><\/li>\n<li class=\"li1\"><span class=\"s1\">Reforma e amplia\u00e7\u00e3o do posto de sa\u00fade do povoado do Quaty R$ 90.000,00;<\/span><\/li>\n<li class=\"li1\"><span class=\"s1\">Pavimenta\u00e7\u00e3o de ruas na sede do munic\u00edpio R$ 200.000,00;<\/span><\/li>\n<li class=\"li1\"><span class=\"s1\">Constru\u00e7\u00e3o do parque da crian\u00e7a R$ 50.000,00;<\/span><\/li>\n<li class=\"li1\"><span class=\"s1\">Aquisi\u00e7\u00e3o de motoniveladora R$ 500.000,00;<\/span><\/li>\n<li class=\"li1\"><span class=\"s1\">Aquisi\u00e7\u00e3o de 05 ve\u00edculos novos R$ 480.000,00;<\/span><\/li>\n<li class=\"li1\"><span class=\"s1\">Licita\u00e7\u00e3o de creche para o distrito de Cacimbinha R$ 1.200.000,00;<\/span><\/li>\n<li class=\"li1\"><span class=\"s1\">Licita\u00e7\u00e3o de R$ 600.000,00 em pavimenta\u00e7\u00e3o na sede do munic\u00edpio;<\/span><\/li>\n<li class=\"li1\"><span class=\"s1\">Implanta\u00e7\u00e3o de Ilumina\u00e7\u00e3o de led na sede do munic\u00edpio R$ 100.000,00;<\/span><\/li>\n<li class=\"li1\"><span class=\"s1\">Constru\u00e7\u00e3o de gin\u00e1sio poliesportivo no distrito de Cacimbinha R$ 1.200.000,00;<\/span><\/li>\n<li class=\"li1\"><span class=\"s1\">Licita\u00e7\u00e3o da primeira etapa do est\u00e1dio de futebol do distrito de Cacimbinha R$ 400.000,00;<\/span><\/li>\n<li class=\"li1\"><span class=\"s1\">Constru\u00e7\u00e3o de pra\u00e7a e pavimenta\u00e7\u00e3o de ruas na sa\u00edda pra Camalau R$ 50.000,00;<\/span><\/li>\n<li class=\"li1\"><span class=\"s1\">Pavimenta\u00e7\u00e3o de trechos de estradas vicinais na zona do munic\u00edpio;<\/span><\/li>\n<li class=\"li1\"><span class=\"s1\">Constru\u00e7\u00e3o de portais tur\u00edsticos R$ 240.000,00;<\/span><\/li>\n<li class=\"li1\"><span class=\"s1\">Reforma e amplia\u00e7\u00e3o da escola Manoel Ferreira da Silva no distrito de Santa Maria R$ 300.000,00;<\/span><\/li>\n<\/ul>\n<p class=\"p1\"><span class=\"s1\">O prefeito ainda destacou a constru\u00e7\u00e3o de 42 barreiros na zona rural e implanta\u00e7\u00e3o de mata-burros em localidades rurais, afirmando que os investimentos est\u00e3o presentes em todas localidades do munic\u00edpio, garantindo melhoria e qualidade de vida para popula\u00e7\u00e3o.<\/span><\/p>\n<p class=\"p1\"><span class=\"s1\">REFORMA ADMINISTRATIVA E CONCURSO P\u00daBLICO<\/span><\/p>\n<p class=\"p1\"><span class=\"s1\">O Prefeito M\u00e1rcio Leite ainda destacou que iniciar\u00e1 o ano realizando uma reforma administrativa na sua gest\u00e3o, no intuito de aprimorar ainda mais a administra\u00e7\u00e3o municipal.<\/span><\/p>\n<p class=\"p1\"><span class=\"s1\">M\u00e1rcio ainda afirmou que a Prefeitura de S\u00e3o Jo\u00e3o do Tigre realizar\u00e1 um concurso p\u00fablico no pr\u00f3ximo ano com v\u00e1rias vagas em diversos cargos e n\u00edveis, e que a C\u00e2mara Municipal j\u00e1 aprovou a lei e que em breve ser\u00e3o divulgadas mais informa\u00e7\u00f5es aos interessados.<\/span><\/p>\n<p class=\"p1\"><span class=\"s1\">O gestor finalizou deixando uma mensagem para popula\u00e7\u00e3o: \u201cA frente do Poder Executivo de S\u00e3o Jo\u00e3o do Tigre venho buscando garantir cada vez mais melhoria e qualidade de vida para \u00e0 popula\u00e7\u00e3o sem nenhuma distin\u00e7\u00e3o, pensando no bem comum e no avan\u00e7o e futuro<span class=\"Apple-converted-space\">\u00a0\u00a0<\/span>do meu munic\u00edpio. Que a paz, a harmonia, a humildade e a fraternidade habite todos os cora\u00e7\u00f5es no ano que se inicia!!! Um 2023 aben\u00e7oado para todos\u201d, finalizou.<\/span><\/p>\n","protected":false},"excerpt":{"rendered":"<p>O prefeito M\u00e1rcio Leite (Republicanos), tem muito o que comemorar neste fim de ano, com um saldo extremamente positivo de sua gest\u00e3o no munic\u00edpio de&hellip; <\/p>\n","protected":false},"author":6,"featured_media":261523,"comment_status":"closed","ping_status":"closed","sticky":false,"template":"","format":"standard","meta":{"sfsi_plus_gutenberg_text_before_share":"","sfsi_plus_gutenberg_show_text_before_share":"","sfsi_plus_gutenberg_icon_type":"","sfsi_plus_gutenberg_icon_alignemt":"","sfsi_plus_gutenburg_max_per_row":"","footnotes":""},"categories":[89],"tags":[],"class_list":["post-261522","post","type-post","status-publish","format-standard","has-post-thumbnail","hentry","category-sao-joao-do-tigre"],"_links":{"self":[{"href":"https:\/\/www.caririemacao.com\/1\/wp-json\/wp\/v2\/posts\/261522","targetHints":{"allow":["GET"]}}],"collection":[{"href":"https:\/\/www.caririemacao.com\/1\/wp-json\/wp\/v2\/posts"}],"about":[{"href":"https:\/\/www.caririemacao.com\/1\/wp-json\/wp\/v2\/types\/post"}],"author":[{"embeddable":true,"href":"https:\/\/www.caririemacao.com\/1\/wp-json\/wp\/v2\/users\/6"}],"replies":[{"embeddable":true,"href":"https:\/\/www.caririemacao.com\/1\/wp-json\/wp\/v2\/comments?post=261522"}],"version-history":[{"count":1,"href":"https:\/\/www.caririemacao.com\/1\/wp-json\/wp\/v2\/posts\/261522\/revisions"}],"predecessor-version":[{"id":261524,"href":"https:\/\/www.caririemacao.com\/1\/wp-json\/wp\/v2\/posts\/261522\/revisions\/261524"}],"wp:featuredmedia":[{"embeddable":true,"href":"https:\/\/www.caririemacao.com\/1\/wp-json\/wp\/v2\/media\/261523"}],"wp:attachment":[{"href":"https:\/\/www.caririemacao.com\/1\/wp-json\/wp\/v2\/media?parent=261522"}],"wp:term":[{"taxonomy":"category","embeddable":true,"href":"https:\/\/www.caririemacao.com\/1\/wp-json\/wp\/v2\/categories?post=261522"},{"taxonomy":"post_tag","embeddable":true,"href":"https:\/\/www.caririemacao.com\/1\/wp-json\/wp\/v2\/tags?post=261522"}],"curies":[{"name":"wp","href":"https:\/\/api.w.org\/{rel}","templated":true}]}}