{"id":261552,"date":"2023-01-02T11:17:27","date_gmt":"2023-01-02T14:17:27","guid":{"rendered":"https:\/\/www.caririemacao.com\/1\/?p=261552"},"modified":"2023-01-02T11:17:27","modified_gmt":"2023-01-02T14:17:27","slug":"psd-na-base-do-governo-lula-e-daniella-na-base-da-paraiba","status":"publish","type":"post","link":"https:\/\/www.caririemacao.com\/1\/2023\/01\/02\/psd-na-base-do-governo-lula-e-daniella-na-base-da-paraiba\/","title":{"rendered":"PSD na base do Governo Lula e Daniella na \u201cbase\u201d da Para\u00edba"},"content":{"rendered":"<p>Com o PSD ocupando tr\u00eas minist\u00e9rios no Governo Lula, a senadora Daniella Ribeiro afirmou que a expectativa para a nova gest\u00e3o \u201c\u00e9 a melhor poss\u00edvel\u201d. Ela preside \u00e0 legenda na Para\u00edba.<\/p>\n<p>Ao ser perguntada se integrar\u00e1 a base do petista no Senado, ela adiantou que votar\u00e1 a favor da Para\u00edba. \u201cO meu partido \u00e9 base de sustenta\u00e7\u00e3o do governo Lula. Est\u00e1 muito claro isso, inclusive com a presen\u00e7a de tr\u00eas nomes para minist\u00e9rios\u201d, disse.<\/p>\n<p>Mas, deixou claro que poder\u00e1 divergir em determinadas pautas. \u201cFaz parte do processo\u201d. E completou: \u201cSe for para escolher entre a Para\u00edba ou qualquer outra situa\u00e7\u00e3o, a Para\u00edba estar\u00e1 em primeiro lugar\u201d.<\/p>\n<p>Dois dos tr\u00eas nomes indicados pelo PSD s\u00e3o senadores: Alexandre Silveira (Minas e Energia) e Carlos F\u00e1varo (Agricultura e Agropecu\u00e1ria). Tem ainda o deputado federal Andr\u00e9 de Paula (Aquicultura e Pesca).<\/p>\n<p>&nbsp;<\/p>\n<p>Blog da Sony Lacerda<\/p>\n","protected":false},"excerpt":{"rendered":"<p>Com o PSD ocupando tr\u00eas minist\u00e9rios no Governo Lula, a senadora Daniella Ribeiro afirmou que a expectativa para a nova gest\u00e3o \u201c\u00e9 a melhor poss\u00edvel\u201d.&hellip; <\/p>\n","protected":false},"author":6,"featured_media":237062,"comment_status":"closed","ping_status":"closed","sticky":false,"template":"","format":"standard","meta":{"sfsi_plus_gutenberg_text_before_share":"","sfsi_plus_gutenberg_show_text_before_share":"","sfsi_plus_gutenberg_icon_type":"","sfsi_plus_gutenberg_icon_alignemt":"","sfsi_plus_gutenburg_max_per_row":"","footnotes":""},"categories":[104],"tags":[],"class_list":["post-261552","post","type-post","status-publish","format-standard","has-post-thumbnail","hentry","category-paraiba"],"_links":{"self":[{"href":"https:\/\/www.caririemacao.com\/1\/wp-json\/wp\/v2\/posts\/261552","targetHints":{"allow":["GET"]}}],"collection":[{"href":"https:\/\/www.caririemacao.com\/1\/wp-json\/wp\/v2\/posts"}],"about":[{"href":"https:\/\/www.caririemacao.com\/1\/wp-json\/wp\/v2\/types\/post"}],"author":[{"embeddable":true,"href":"https:\/\/www.caririemacao.com\/1\/wp-json\/wp\/v2\/users\/6"}],"replies":[{"embeddable":true,"href":"https:\/\/www.caririemacao.com\/1\/wp-json\/wp\/v2\/comments?post=261552"}],"version-history":[{"count":1,"href":"https:\/\/www.caririemacao.com\/1\/wp-json\/wp\/v2\/posts\/261552\/revisions"}],"predecessor-version":[{"id":261553,"href":"https:\/\/www.caririemacao.com\/1\/wp-json\/wp\/v2\/posts\/261552\/revisions\/261553"}],"wp:featuredmedia":[{"embeddable":true,"href":"https:\/\/www.caririemacao.com\/1\/wp-json\/wp\/v2\/media\/237062"}],"wp:attachment":[{"href":"https:\/\/www.caririemacao.com\/1\/wp-json\/wp\/v2\/media?parent=261552"}],"wp:term":[{"taxonomy":"category","embeddable":true,"href":"https:\/\/www.caririemacao.com\/1\/wp-json\/wp\/v2\/categories?post=261552"},{"taxonomy":"post_tag","embeddable":true,"href":"https:\/\/www.caririemacao.com\/1\/wp-json\/wp\/v2\/tags?post=261552"}],"curies":[{"name":"wp","href":"https:\/\/api.w.org\/{rel}","templated":true}]}}