{"id":261823,"date":"2023-01-09T09:28:40","date_gmt":"2023-01-09T12:28:40","guid":{"rendered":"https:\/\/www.caririemacao.com\/1\/?p=261823"},"modified":"2023-01-09T09:28:40","modified_gmt":"2023-01-09T12:28:40","slug":"presidentes-de-trfs-e-procuradores-gerais-defendem-punicao-a-invasores","status":"publish","type":"post","link":"https:\/\/www.caririemacao.com\/1\/2023\/01\/09\/presidentes-de-trfs-e-procuradores-gerais-defendem-punicao-a-invasores\/","title":{"rendered":"Presidentes de TRFs e procuradores-gerais defendem puni\u00e7\u00e3o a invasores"},"content":{"rendered":"<div class=\"row\">\n<p class=\"col-10 offset-1 animated fadeInDown dealy-900 display-8 display-md-8 alt-font font-italic my-1 text-center\" style=\"text-align: center;\"><em><strong>Eles divulgaram nota conjunta de rep\u00fadio \u00e0s invas\u00f5es em Bras\u00edlia<\/strong><\/em><\/p>\n<p>Os presidentes dos seis tribunais regionais federais (TRFs) divulgaram nota conjunta de rep\u00fadio aos atos de viol\u00eancia e \u00e0s invas\u00f5es cometidas\u00a0<span id=\"OBJ_PREFIX_DWT448_com_zimbra_date\" role=\"link\">ontem<\/span>\u00a0(8) por manifestantes em Bras\u00edlia.<img decoding=\"async\" data-src=\"https:\/\/agenciabrasil.ebc.com.br\/ebc.png?id=1502713&amp;o=node\" src=\"data:image\/svg+xml;base64,PHN2ZyB3aWR0aD0iMSIgaGVpZ2h0PSIxIiB4bWxucz0iaHR0cDovL3d3dy53My5vcmcvMjAwMC9zdmciPjwvc3ZnPg==\" class=\"lazyload\" \/><img decoding=\"async\" data-src=\"https:\/\/agenciabrasil.ebc.com.br\/ebc.gif?id=1502713&amp;o=node\" src=\"data:image\/svg+xml;base64,PHN2ZyB3aWR0aD0iMSIgaGVpZ2h0PSIxIiB4bWxucz0iaHR0cDovL3d3dy53My5vcmcvMjAwMC9zdmciPjwvc3ZnPg==\" class=\"lazyload\" \/><\/p>\n<p>Os desembargadores afirmam estar confiantes de que os respons\u00e1veis pelas depreda\u00e7\u00f5es ser\u00e3o \u201cobjeto de r\u00e1pida investiga\u00e7\u00e3o e adequada repreens\u00e3o. As magistradas e magistrados federais reiteram o seu\u00a0dever de \u2013 no exerc\u00edcio da jurisdi\u00e7\u00e3o \u2013 combate ao crime e \u00e0s amea\u00e7as \u00e0 preserva\u00e7\u00e3o da democracia, objeto de compromisso constitucional com o povo brasileiro\u201d.<\/p>\n<p>Na nota, os magistrados reafirmam o compromisso com o Estado Democr\u00e1tico de Direito, com liberdades e direitos fundamentais, \u201cos quais somente ser\u00e3o respeitados e garantidos com a atua\u00e7\u00e3o independente e harm\u00f4nica do Judici\u00e1rio, do Legislativo e do Executivo\u201d.<\/p>\n<p>O Conselho Nacional dos Procuradores-Gerais do Minist\u00e9rio P\u00fablico dos Estados e da Uni\u00e3o (CNPG) tamb\u00e9m disse confiar que as autoridades competentes aplicar\u00e3o medidas r\u00edgidas de apura\u00e7\u00e3o e de puni\u00e7\u00e3o aos que promoveram \u201clament\u00e1vel e atroz agress\u00e3o e viol\u00eancia ao povo brasileiro\u201d.<\/p>\n<p>Em nota, os procuradores-gerais reafirmaram o papel do Minist\u00e9rio P\u00fablico como defensor do Estado Democr\u00e1tico de Direito e colocaram-se ao lado dos poderes da Rep\u00fablica para prevenir e reprimir \u201catos criminosos e antidemocr\u00e1ticos\u201d.<\/p>\n<p>FONTE: Ag\u00eancia Brasil<\/p>\n<\/div>\n","protected":false},"excerpt":{"rendered":"<p>Eles divulgaram nota conjunta de rep\u00fadio \u00e0s invas\u00f5es em Bras\u00edlia Os presidentes dos seis tribunais regionais federais (TRFs) divulgaram nota conjunta de rep\u00fadio aos atos&hellip; <\/p>\n","protected":false},"author":6,"featured_media":261824,"comment_status":"closed","ping_status":"closed","sticky":false,"template":"","format":"standard","meta":{"sfsi_plus_gutenberg_text_before_share":"","sfsi_plus_gutenberg_show_text_before_share":"","sfsi_plus_gutenberg_icon_type":"","sfsi_plus_gutenberg_icon_alignemt":"","sfsi_plus_gutenburg_max_per_row":"","footnotes":""},"categories":[50],"tags":[],"class_list":["post-261823","post","type-post","status-publish","format-standard","has-post-thumbnail","hentry","category-destaque"],"_links":{"self":[{"href":"https:\/\/www.caririemacao.com\/1\/wp-json\/wp\/v2\/posts\/261823","targetHints":{"allow":["GET"]}}],"collection":[{"href":"https:\/\/www.caririemacao.com\/1\/wp-json\/wp\/v2\/posts"}],"about":[{"href":"https:\/\/www.caririemacao.com\/1\/wp-json\/wp\/v2\/types\/post"}],"author":[{"embeddable":true,"href":"https:\/\/www.caririemacao.com\/1\/wp-json\/wp\/v2\/users\/6"}],"replies":[{"embeddable":true,"href":"https:\/\/www.caririemacao.com\/1\/wp-json\/wp\/v2\/comments?post=261823"}],"version-history":[{"count":1,"href":"https:\/\/www.caririemacao.com\/1\/wp-json\/wp\/v2\/posts\/261823\/revisions"}],"predecessor-version":[{"id":261825,"href":"https:\/\/www.caririemacao.com\/1\/wp-json\/wp\/v2\/posts\/261823\/revisions\/261825"}],"wp:featuredmedia":[{"embeddable":true,"href":"https:\/\/www.caririemacao.com\/1\/wp-json\/wp\/v2\/media\/261824"}],"wp:attachment":[{"href":"https:\/\/www.caririemacao.com\/1\/wp-json\/wp\/v2\/media?parent=261823"}],"wp:term":[{"taxonomy":"category","embeddable":true,"href":"https:\/\/www.caririemacao.com\/1\/wp-json\/wp\/v2\/categories?post=261823"},{"taxonomy":"post_tag","embeddable":true,"href":"https:\/\/www.caririemacao.com\/1\/wp-json\/wp\/v2\/tags?post=261823"}],"curies":[{"name":"wp","href":"https:\/\/api.w.org\/{rel}","templated":true}]}}