{"id":261827,"date":"2023-01-09T09:30:16","date_gmt":"2023-01-09T12:30:16","guid":{"rendered":"https:\/\/www.caririemacao.com\/1\/?p=261827"},"modified":"2023-01-09T09:30:16","modified_gmt":"2023-01-09T12:30:16","slug":"comerciante-tem-gado-furtado-de-fazenda-no-cariri","status":"publish","type":"post","link":"https:\/\/www.caririemacao.com\/1\/2023\/01\/09\/comerciante-tem-gado-furtado-de-fazenda-no-cariri\/","title":{"rendered":"Comerciante tem gado furtado de fazenda no Cariri"},"content":{"rendered":"<p>Um comerciante monteirense teve uma supressa nada agrad\u00e1vel nas primeiras horas da manh\u00e3 desta segunda-feira (09) em Monteiro, quando percebeu que criminosos tinham furtado alguns animais de sua fazenda.<\/p>\n<p>De acordo com informa\u00e7\u00f5es, ao chegar na fazenda localizada na entrada do munic\u00edpio na sa\u00edda para Campina Grande, o empres\u00e1rio percebeu que tinham tentado arrombar a porteira de acesso, logo depois percebeu que os arrames da cerca haviam sido cortados e que alguns amimais do seu rebanho haviam sido furtados, ainda n\u00e3o se sabe ao certo quantos animais foram levados.<\/p>\n<p>O empres\u00e1rio disponibilizou a marca do ferro que seu gado \u00e9 marcado para ajudar na localiza\u00e7\u00e3o do animais.<\/p>\n<p>O caso deve ser registrado na delegacia\u00a0de Pol\u00edcia Civil de Monteiro, onde ser\u00e1 investigado.<\/p>\n<p>&nbsp;<\/p>\n<p><strong>CARIRI EM A\u00c7\u00c3O<\/strong><\/p>\n<p><em>Com O Pipoco<\/em><\/p>\n","protected":false},"excerpt":{"rendered":"<p>Um comerciante monteirense teve uma supressa nada agrad\u00e1vel nas primeiras horas da manh\u00e3 desta segunda-feira (09) em Monteiro, quando percebeu que criminosos tinham furtado alguns&hellip; <\/p>\n","protected":false},"author":6,"featured_media":261828,"comment_status":"closed","ping_status":"closed","sticky":false,"template":"","format":"standard","meta":{"sfsi_plus_gutenberg_text_before_share":"","sfsi_plus_gutenberg_show_text_before_share":"","sfsi_plus_gutenberg_icon_type":"","sfsi_plus_gutenberg_icon_alignemt":"","sfsi_plus_gutenburg_max_per_row":"","footnotes":""},"categories":[106],"tags":[],"class_list":["post-261827","post","type-post","status-publish","format-standard","has-post-thumbnail","hentry","category-cariri"],"_links":{"self":[{"href":"https:\/\/www.caririemacao.com\/1\/wp-json\/wp\/v2\/posts\/261827","targetHints":{"allow":["GET"]}}],"collection":[{"href":"https:\/\/www.caririemacao.com\/1\/wp-json\/wp\/v2\/posts"}],"about":[{"href":"https:\/\/www.caririemacao.com\/1\/wp-json\/wp\/v2\/types\/post"}],"author":[{"embeddable":true,"href":"https:\/\/www.caririemacao.com\/1\/wp-json\/wp\/v2\/users\/6"}],"replies":[{"embeddable":true,"href":"https:\/\/www.caririemacao.com\/1\/wp-json\/wp\/v2\/comments?post=261827"}],"version-history":[{"count":1,"href":"https:\/\/www.caririemacao.com\/1\/wp-json\/wp\/v2\/posts\/261827\/revisions"}],"predecessor-version":[{"id":261829,"href":"https:\/\/www.caririemacao.com\/1\/wp-json\/wp\/v2\/posts\/261827\/revisions\/261829"}],"wp:featuredmedia":[{"embeddable":true,"href":"https:\/\/www.caririemacao.com\/1\/wp-json\/wp\/v2\/media\/261828"}],"wp:attachment":[{"href":"https:\/\/www.caririemacao.com\/1\/wp-json\/wp\/v2\/media?parent=261827"}],"wp:term":[{"taxonomy":"category","embeddable":true,"href":"https:\/\/www.caririemacao.com\/1\/wp-json\/wp\/v2\/categories?post=261827"},{"taxonomy":"post_tag","embeddable":true,"href":"https:\/\/www.caririemacao.com\/1\/wp-json\/wp\/v2\/tags?post=261827"}],"curies":[{"name":"wp","href":"https:\/\/api.w.org\/{rel}","templated":true}]}}