{"id":261833,"date":"2023-01-09T09:34:07","date_gmt":"2023-01-09T12:34:07","guid":{"rendered":"https:\/\/www.caririemacao.com\/1\/?p=261833"},"modified":"2023-01-09T09:34:07","modified_gmt":"2023-01-09T12:34:07","slug":"apos-atos-violentos-em-brasilia-lula-se-reune-com-governadores-nesta-segunda","status":"publish","type":"post","link":"https:\/\/www.caririemacao.com\/1\/2023\/01\/09\/apos-atos-violentos-em-brasilia-lula-se-reune-com-governadores-nesta-segunda\/","title":{"rendered":"Ap\u00f3s atos violentos em Bras\u00edlia, Lula se re\u00fane com governadores nesta segunda"},"content":{"rendered":"<p>O presidente Luiz In\u00e1cio Lula da Silva se re\u00fane na manh\u00e3 desta segunda-feira (9) com a presidente do Supremo Tribunal Federal (STF), Rosa Weber, e deve encontrar os governadores na parte da noite. Os dois compromissos s\u00e3o previstos para o Pal\u00e1cio do Planalto.<\/p>\n<p>Parte dos governadores deve participar de forma remota.<\/p>\n<p>Os encontros ocorrem ap\u00f3s os atos violentos em Bras\u00edlia, no ataque aos Tr\u00eas Poderes,\u00a0promovidos por uma minoria de bolsonaristas radicais nas sedes dos tr\u00eas poderes da Rep\u00fablica \u2013 o Pal\u00e1cio do Planalto, o Congresso e o Supremo Tribunal Federal (STF).<\/p>\n<p>At\u00e9 o in\u00edcio da manh\u00e3, n\u00e3o havia previs\u00e3o de encontro entre Lula e os presidentes da C\u00e2mara, Arthur Lira (PP-AL), ou do Senado, Rodrigo Pacheco (PSD-MG).<\/p>\n<p>A agenda oficial do presidente da Rep\u00fablica prev\u00ea tamb\u00e9m que Lula converse por telefone, \u00e0 tarde, com o primeiro-ministro de Portugal, Ant\u00f3nio Costa; e, em seguida, com o ex-presidente dos Estados Unidos Bill Clinton. A pauta prevista para as conversas n\u00e3o foi detalhada.<\/p>\n<p>MaisPB<\/p>\n","protected":false},"excerpt":{"rendered":"<p>O presidente Luiz In\u00e1cio Lula da Silva se re\u00fane na manh\u00e3 desta segunda-feira (9) com a presidente do Supremo Tribunal Federal (STF), Rosa Weber, e&hellip; <\/p>\n","protected":false},"author":6,"featured_media":261243,"comment_status":"closed","ping_status":"closed","sticky":false,"template":"","format":"standard","meta":{"sfsi_plus_gutenberg_text_before_share":"","sfsi_plus_gutenberg_show_text_before_share":"","sfsi_plus_gutenberg_icon_type":"","sfsi_plus_gutenberg_icon_alignemt":"","sfsi_plus_gutenburg_max_per_row":"","footnotes":""},"categories":[123],"tags":[],"class_list":["post-261833","post","type-post","status-publish","format-standard","has-post-thumbnail","hentry","category-brasil"],"_links":{"self":[{"href":"https:\/\/www.caririemacao.com\/1\/wp-json\/wp\/v2\/posts\/261833","targetHints":{"allow":["GET"]}}],"collection":[{"href":"https:\/\/www.caririemacao.com\/1\/wp-json\/wp\/v2\/posts"}],"about":[{"href":"https:\/\/www.caririemacao.com\/1\/wp-json\/wp\/v2\/types\/post"}],"author":[{"embeddable":true,"href":"https:\/\/www.caririemacao.com\/1\/wp-json\/wp\/v2\/users\/6"}],"replies":[{"embeddable":true,"href":"https:\/\/www.caririemacao.com\/1\/wp-json\/wp\/v2\/comments?post=261833"}],"version-history":[{"count":1,"href":"https:\/\/www.caririemacao.com\/1\/wp-json\/wp\/v2\/posts\/261833\/revisions"}],"predecessor-version":[{"id":261834,"href":"https:\/\/www.caririemacao.com\/1\/wp-json\/wp\/v2\/posts\/261833\/revisions\/261834"}],"wp:featuredmedia":[{"embeddable":true,"href":"https:\/\/www.caririemacao.com\/1\/wp-json\/wp\/v2\/media\/261243"}],"wp:attachment":[{"href":"https:\/\/www.caririemacao.com\/1\/wp-json\/wp\/v2\/media?parent=261833"}],"wp:term":[{"taxonomy":"category","embeddable":true,"href":"https:\/\/www.caririemacao.com\/1\/wp-json\/wp\/v2\/categories?post=261833"},{"taxonomy":"post_tag","embeddable":true,"href":"https:\/\/www.caririemacao.com\/1\/wp-json\/wp\/v2\/tags?post=261833"}],"curies":[{"name":"wp","href":"https:\/\/api.w.org\/{rel}","templated":true}]}}